{"id":3425,"date":"2019-08-08T16:19:12","date_gmt":"2019-08-08T16:19:12","guid":{"rendered":"https:\/\/coasa.org\/?p=3425"},"modified":"2019-08-08T16:19:15","modified_gmt":"2019-08-08T16:19:15","slug":"construccion-del-centro-de-alzheimer-fundacion-rosa-maria-vivar","status":"publish","type":"post","link":"https:\/\/coasa.org\/es\/construccion-del-centro-de-alzheimer-fundacion-rosa-maria-vivar\/","title":{"rendered":"Construcci\u00f3n del Centro de Alzheimer Fundaci\u00f3n Rosa Mar\u00eda Vivar"},"content":{"rendered":"\n<p>Los trabajos de construcci\u00f3n del centro de Alzheimer en Reus, encaran ya su recta final.<\/p>\n\n\n\n<p>El futuro centro dispondr\u00e1 de 1.000 metros cuadrados construidos y una amplia zona ajardinada. El edificio se compone de 4 m\u00f3dulos que giran alrededor de un patio central donde se encuentra un olivo centenario proveniente del jard\u00edn de la fundadora. Dos de los m\u00f3dulos estar\u00e1n destinados a centro de d\u00eda, otro a la estimulaci\u00f3n y rehabilitaci\u00f3n cognitiva y en el cuarto se podr\u00e1 encontrar la parte de administraci\u00f3n del centro.<\/p>\n\n\n\n<p><\/p>\n\n\n\n<p><strong>Materiales utilizados:<\/strong><\/p>\n\n\n\n<p>Este centro est\u00e1 construido con paneles CLT, un sistema que permite desarrollar construcciones di\u00e1fanas, exentas de estructuras primarias de pilares y vigas, de esta forma se gana espacio. Su alta resistencia soporta un gran volumen de peso, que a la vez es lo que permite eliminar gran parte de los pilares.<\/p>\n\n\n\n<p>Adem\u00e1s de las cualidades materiales de la madera contra laminada, este tambi\u00e9n aporta una sensaci\u00f3n de hogar y confort a los usuarios.<\/p>\n\n\n\n<p><strong>Avance de las obras:<\/strong><\/p>\n\n\n\n<p>Las obras avanzan a buen ritmo y actualmente la estructura y los cerramientos ya est\u00e1n finalizados. Se han trabajado aspectos como el rebaje en el techo para la sujeci\u00f3n de los cristales sobre los tabiques, la instalaci\u00f3n de conductos de climatizaci\u00f3n de algunas salas, y los canales de recogida de agua en las fachadas.<\/p>\n\n\n\n<p>Tambi\u00e9n estamos realizando ya los trabajos de pavimentaci\u00f3n de la zona ajardinada.<\/p>\n\n\n\n<p>El centro ya es todo un referente, tenemos muchas ganas de ver el resultado final!<\/p>\n","protected":false},"excerpt":{"rendered":"<p>Los trabajos de construcci\u00f3n del centro de Alzheimer en Reus, encaran ya su recta final. El futuro centro dispondr\u00e1 de 1.000 metros cuadrados construidos y una amplia zona ajardinada. El edificio se compone de 4 m\u00f3dulos que giran alrededor de un patio central donde se encuentra un olivo centenario proveniente del jard\u00edn de la fundadora. [&hellip;]<\/p>\n","protected":false},"author":1,"featured_media":3424,"comment_status":"closed","ping_status":"closed","sticky":false,"template":"","format":"standard","meta":{"_et_pb_use_builder":"off","_et_pb_old_content":"","_et_gb_content_width":"","_joinchat":[],"footnotes":""},"categories":[17],"tags":[],"class_list":["post-3425","post","type-post","status-publish","format-standard","has-post-thumbnail","hentry","category-notcias-castellano"],"yoast_head":"<!-- This site is optimized with the Yoast SEO plugin v27.5 - https:\/\/yoast.com\/product\/yoast-seo-wordpress\/ -->\n<title>Construcci\u00f3n del Centro de Alzheimer Fundaci\u00f3n Rosa Mar\u00eda Vivar - COASA, Empresa Constructora<\/title>\n<meta name=\"robots\" content=\"index, follow, max-snippet:-1, max-image-preview:large, max-video-preview:-1\" \/>\n<link rel=\"canonical\" href=\"https:\/\/coasa.org\/es\/construccion-del-centro-de-alzheimer-fundacion-rosa-maria-vivar\/\" \/>\n<meta property=\"og:locale\" content=\"es_ES\" \/>\n<meta property=\"og:type\" content=\"article\" \/>\n<meta property=\"og:title\" content=\"Construcci\u00f3n del Centro de Alzheimer Fundaci\u00f3n Rosa Mar\u00eda Vivar - COASA, Empresa Constructora\" \/>\n<meta property=\"og:description\" content=\"Los trabajos de construcci\u00f3n del centro de Alzheimer en Reus, encaran ya su recta final. El futuro centro dispondr\u00e1 de 1.000 metros cuadrados construidos y una amplia zona ajardinada. El edificio se compone de 4 m\u00f3dulos que giran alrededor de un patio central donde se encuentra un olivo centenario proveniente del jard\u00edn de la fundadora. [&hellip;]\" \/>\n<meta property=\"og:url\" content=\"https:\/\/coasa.org\/es\/construccion-del-centro-de-alzheimer-fundacion-rosa-maria-vivar\/\" \/>\n<meta property=\"og:site_name\" content=\"COASA, Empresa Constructora\" \/>\n<meta property=\"article:published_time\" content=\"2019-08-08T16:19:12+00:00\" \/>\n<meta property=\"article:modified_time\" content=\"2019-08-08T16:19:15+00:00\" \/>\n<meta property=\"og:image\" content=\"https:\/\/coasa.org\/wp-content\/uploads\/2019\/08\/blogcoasamarosa-1024x640.jpg\" \/>\n\t<meta property=\"og:image:width\" content=\"1024\" \/>\n\t<meta property=\"og:image:height\" content=\"640\" \/>\n\t<meta property=\"og:image:type\" content=\"image\/jpeg\" \/>\n<meta name=\"author\" content=\"coasa\" \/>\n<meta name=\"twitter:label1\" content=\"Escrito por\" \/>\n\t<meta name=\"twitter:data1\" content=\"coasa\" \/>\n\t<meta name=\"twitter:label2\" content=\"Tiempo de lectura\" \/>\n\t<meta name=\"twitter:data2\" content=\"1 minuto\" \/>\n<script type=\"application\/ld+json\" class=\"yoast-schema-graph\">{\"@context\":\"https:\\\/\\\/schema.org\",\"@graph\":[{\"@type\":\"Article\",\"@id\":\"https:\\\/\\\/coasa.org\\\/es\\\/construccion-del-centro-de-alzheimer-fundacion-rosa-maria-vivar\\\/#article\",\"isPartOf\":{\"@id\":\"https:\\\/\\\/coasa.org\\\/es\\\/construccion-del-centro-de-alzheimer-fundacion-rosa-maria-vivar\\\/\"},\"author\":{\"name\":\"coasa\",\"@id\":\"https:\\\/\\\/coasa.org\\\/es\\\/#\\\/schema\\\/person\\\/9768199d4e1981c07491acf9822f8000\"},\"headline\":\"Construcci\u00f3n del Centro de Alzheimer Fundaci\u00f3n Rosa Mar\u00eda Vivar\",\"datePublished\":\"2019-08-08T16:19:12+00:00\",\"dateModified\":\"2019-08-08T16:19:15+00:00\",\"mainEntityOfPage\":{\"@id\":\"https:\\\/\\\/coasa.org\\\/es\\\/construccion-del-centro-de-alzheimer-fundacion-rosa-maria-vivar\\\/\"},\"wordCount\":274,\"publisher\":{\"@id\":\"https:\\\/\\\/coasa.org\\\/es\\\/#organization\"},\"image\":{\"@id\":\"https:\\\/\\\/coasa.org\\\/es\\\/construccion-del-centro-de-alzheimer-fundacion-rosa-maria-vivar\\\/#primaryimage\"},\"thumbnailUrl\":\"https:\\\/\\\/coasa.org\\\/wp-content\\\/uploads\\\/2019\\\/08\\\/blogcoasamarosa.jpg\",\"articleSection\":[\"notcias castellano\"],\"inLanguage\":\"es\"},{\"@type\":\"WebPage\",\"@id\":\"https:\\\/\\\/coasa.org\\\/es\\\/construccion-del-centro-de-alzheimer-fundacion-rosa-maria-vivar\\\/\",\"url\":\"https:\\\/\\\/coasa.org\\\/es\\\/construccion-del-centro-de-alzheimer-fundacion-rosa-maria-vivar\\\/\",\"name\":\"Construcci\u00f3n del Centro de Alzheimer Fundaci\u00f3n Rosa Mar\u00eda Vivar - COASA, Empresa Constructora\",\"isPartOf\":{\"@id\":\"https:\\\/\\\/coasa.org\\\/es\\\/#website\"},\"primaryImageOfPage\":{\"@id\":\"https:\\\/\\\/coasa.org\\\/es\\\/construccion-del-centro-de-alzheimer-fundacion-rosa-maria-vivar\\\/#primaryimage\"},\"image\":{\"@id\":\"https:\\\/\\\/coasa.org\\\/es\\\/construccion-del-centro-de-alzheimer-fundacion-rosa-maria-vivar\\\/#primaryimage\"},\"thumbnailUrl\":\"https:\\\/\\\/coasa.org\\\/wp-content\\\/uploads\\\/2019\\\/08\\\/blogcoasamarosa.jpg\",\"datePublished\":\"2019-08-08T16:19:12+00:00\",\"dateModified\":\"2019-08-08T16:19:15+00:00\",\"breadcrumb\":{\"@id\":\"https:\\\/\\\/coasa.org\\\/es\\\/construccion-del-centro-de-alzheimer-fundacion-rosa-maria-vivar\\\/#breadcrumb\"},\"inLanguage\":\"es\",\"potentialAction\":[{\"@type\":\"ReadAction\",\"target\":[\"https:\\\/\\\/coasa.org\\\/es\\\/construccion-del-centro-de-alzheimer-fundacion-rosa-maria-vivar\\\/\"]}]},{\"@type\":\"ImageObject\",\"inLanguage\":\"es\",\"@id\":\"https:\\\/\\\/coasa.org\\\/es\\\/construccion-del-centro-de-alzheimer-fundacion-rosa-maria-vivar\\\/#primaryimage\",\"url\":\"https:\\\/\\\/coasa.org\\\/wp-content\\\/uploads\\\/2019\\\/08\\\/blogcoasamarosa.jpg\",\"contentUrl\":\"https:\\\/\\\/coasa.org\\\/wp-content\\\/uploads\\\/2019\\\/08\\\/blogcoasamarosa.jpg\",\"width\":12756,\"height\":7972},{\"@type\":\"BreadcrumbList\",\"@id\":\"https:\\\/\\\/coasa.org\\\/es\\\/construccion-del-centro-de-alzheimer-fundacion-rosa-maria-vivar\\\/#breadcrumb\",\"itemListElement\":[{\"@type\":\"ListItem\",\"position\":1,\"name\":\"Portada\",\"item\":\"https:\\\/\\\/coasa.org\\\/es\\\/\"},{\"@type\":\"ListItem\",\"position\":2,\"name\":\"Construcci\u00f3n del Centro de Alzheimer Fundaci\u00f3n Rosa Mar\u00eda Vivar\"}]},{\"@type\":\"WebSite\",\"@id\":\"https:\\\/\\\/coasa.org\\\/es\\\/#website\",\"url\":\"https:\\\/\\\/coasa.org\\\/es\\\/\",\"name\":\"COASA, Empresa Constructora\",\"description\":\"Des del seu naixement COASA s&#039;ha destacat per una constant evoluci\u00f3 que ens permet\u00e9s una \u00e0gil adaptaci\u00f3 a les necessitats canviants del mercat de la construcci\u00f3 industrial.\",\"publisher\":{\"@id\":\"https:\\\/\\\/coasa.org\\\/es\\\/#organization\"},\"potentialAction\":[{\"@type\":\"SearchAction\",\"target\":{\"@type\":\"EntryPoint\",\"urlTemplate\":\"https:\\\/\\\/coasa.org\\\/es\\\/?s={search_term_string}\"},\"query-input\":{\"@type\":\"PropertyValueSpecification\",\"valueRequired\":true,\"valueName\":\"search_term_string\"}}],\"inLanguage\":\"es\"},{\"@type\":\"Organization\",\"@id\":\"https:\\\/\\\/coasa.org\\\/es\\\/#organization\",\"name\":\"Coasa\",\"url\":\"https:\\\/\\\/coasa.org\\\/es\\\/\",\"logo\":{\"@type\":\"ImageObject\",\"inLanguage\":\"es\",\"@id\":\"https:\\\/\\\/coasa.org\\\/es\\\/#\\\/schema\\\/logo\\\/image\\\/\",\"url\":\"https:\\\/\\\/coasa.org\\\/wp-content\\\/uploads\\\/2018\\\/10\\\/logo.png\",\"contentUrl\":\"https:\\\/\\\/coasa.org\\\/wp-content\\\/uploads\\\/2018\\\/10\\\/logo.png\",\"width\":500,\"height\":141,\"caption\":\"Coasa\"},\"image\":{\"@id\":\"https:\\\/\\\/coasa.org\\\/es\\\/#\\\/schema\\\/logo\\\/image\\\/\"},\"sameAs\":[\"https:\\\/\\\/www.linkedin.com\\\/company\\\/coasa\\\/\"]},{\"@type\":\"Person\",\"@id\":\"https:\\\/\\\/coasa.org\\\/es\\\/#\\\/schema\\\/person\\\/9768199d4e1981c07491acf9822f8000\",\"name\":\"coasa\",\"image\":{\"@type\":\"ImageObject\",\"inLanguage\":\"es\",\"@id\":\"https:\\\/\\\/secure.gravatar.com\\\/avatar\\\/549d1466bf5f92109814cb3ea499392d3ea766d6ca25767164de70d79f61a27b?s=96&d=mm&r=g\",\"url\":\"https:\\\/\\\/secure.gravatar.com\\\/avatar\\\/549d1466bf5f92109814cb3ea499392d3ea766d6ca25767164de70d79f61a27b?s=96&d=mm&r=g\",\"contentUrl\":\"https:\\\/\\\/secure.gravatar.com\\\/avatar\\\/549d1466bf5f92109814cb3ea499392d3ea766d6ca25767164de70d79f61a27b?s=96&d=mm&r=g\",\"caption\":\"coasa\"},\"url\":\"https:\\\/\\\/coasa.org\\\/es\\\/author\\\/coasa\\\/\"}]}<\/script>\n<!-- \/ Yoast SEO plugin. -->","yoast_head_json":{"title":"Construcci\u00f3n del Centro de Alzheimer Fundaci\u00f3n Rosa Mar\u00eda Vivar - COASA, Empresa Constructora","robots":{"index":"index","follow":"follow","max-snippet":"max-snippet:-1","max-image-preview":"max-image-preview:large","max-video-preview":"max-video-preview:-1"},"canonical":"https:\/\/coasa.org\/es\/construccion-del-centro-de-alzheimer-fundacion-rosa-maria-vivar\/","og_locale":"es_ES","og_type":"article","og_title":"Construcci\u00f3n del Centro de Alzheimer Fundaci\u00f3n Rosa Mar\u00eda Vivar - COASA, Empresa Constructora","og_description":"Los trabajos de construcci\u00f3n del centro de Alzheimer en Reus, encaran ya su recta final. El futuro centro dispondr\u00e1 de 1.000 metros cuadrados construidos y una amplia zona ajardinada. El edificio se compone de 4 m\u00f3dulos que giran alrededor de un patio central donde se encuentra un olivo centenario proveniente del jard\u00edn de la fundadora. [&hellip;]","og_url":"https:\/\/coasa.org\/es\/construccion-del-centro-de-alzheimer-fundacion-rosa-maria-vivar\/","og_site_name":"COASA, Empresa Constructora","article_published_time":"2019-08-08T16:19:12+00:00","article_modified_time":"2019-08-08T16:19:15+00:00","og_image":[{"width":1024,"height":640,"url":"https:\/\/coasa.org\/wp-content\/uploads\/2019\/08\/blogcoasamarosa-1024x640.jpg","type":"image\/jpeg"}],"author":"coasa","twitter_misc":{"Escrito por":"coasa","Tiempo de lectura":"1 minuto"},"schema":{"@context":"https:\/\/schema.org","@graph":[{"@type":"Article","@id":"https:\/\/coasa.org\/es\/construccion-del-centro-de-alzheimer-fundacion-rosa-maria-vivar\/#article","isPartOf":{"@id":"https:\/\/coasa.org\/es\/construccion-del-centro-de-alzheimer-fundacion-rosa-maria-vivar\/"},"author":{"name":"coasa","@id":"https:\/\/coasa.org\/es\/#\/schema\/person\/9768199d4e1981c07491acf9822f8000"},"headline":"Construcci\u00f3n del Centro de Alzheimer Fundaci\u00f3n Rosa Mar\u00eda Vivar","datePublished":"2019-08-08T16:19:12+00:00","dateModified":"2019-08-08T16:19:15+00:00","mainEntityOfPage":{"@id":"https:\/\/coasa.org\/es\/construccion-del-centro-de-alzheimer-fundacion-rosa-maria-vivar\/"},"wordCount":274,"publisher":{"@id":"https:\/\/coasa.org\/es\/#organization"},"image":{"@id":"https:\/\/coasa.org\/es\/construccion-del-centro-de-alzheimer-fundacion-rosa-maria-vivar\/#primaryimage"},"thumbnailUrl":"https:\/\/coasa.org\/wp-content\/uploads\/2019\/08\/blogcoasamarosa.jpg","articleSection":["notcias castellano"],"inLanguage":"es"},{"@type":"WebPage","@id":"https:\/\/coasa.org\/es\/construccion-del-centro-de-alzheimer-fundacion-rosa-maria-vivar\/","url":"https:\/\/coasa.org\/es\/construccion-del-centro-de-alzheimer-fundacion-rosa-maria-vivar\/","name":"Construcci\u00f3n del Centro de Alzheimer Fundaci\u00f3n Rosa Mar\u00eda Vivar - COASA, Empresa Constructora","isPartOf":{"@id":"https:\/\/coasa.org\/es\/#website"},"primaryImageOfPage":{"@id":"https:\/\/coasa.org\/es\/construccion-del-centro-de-alzheimer-fundacion-rosa-maria-vivar\/#primaryimage"},"image":{"@id":"https:\/\/coasa.org\/es\/construccion-del-centro-de-alzheimer-fundacion-rosa-maria-vivar\/#primaryimage"},"thumbnailUrl":"https:\/\/coasa.org\/wp-content\/uploads\/2019\/08\/blogcoasamarosa.jpg","datePublished":"2019-08-08T16:19:12+00:00","dateModified":"2019-08-08T16:19:15+00:00","breadcrumb":{"@id":"https:\/\/coasa.org\/es\/construccion-del-centro-de-alzheimer-fundacion-rosa-maria-vivar\/#breadcrumb"},"inLanguage":"es","potentialAction":[{"@type":"ReadAction","target":["https:\/\/coasa.org\/es\/construccion-del-centro-de-alzheimer-fundacion-rosa-maria-vivar\/"]}]},{"@type":"ImageObject","inLanguage":"es","@id":"https:\/\/coasa.org\/es\/construccion-del-centro-de-alzheimer-fundacion-rosa-maria-vivar\/#primaryimage","url":"https:\/\/coasa.org\/wp-content\/uploads\/2019\/08\/blogcoasamarosa.jpg","contentUrl":"https:\/\/coasa.org\/wp-content\/uploads\/2019\/08\/blogcoasamarosa.jpg","width":12756,"height":7972},{"@type":"BreadcrumbList","@id":"https:\/\/coasa.org\/es\/construccion-del-centro-de-alzheimer-fundacion-rosa-maria-vivar\/#breadcrumb","itemListElement":[{"@type":"ListItem","position":1,"name":"Portada","item":"https:\/\/coasa.org\/es\/"},{"@type":"ListItem","position":2,"name":"Construcci\u00f3n del Centro de Alzheimer Fundaci\u00f3n Rosa Mar\u00eda Vivar"}]},{"@type":"WebSite","@id":"https:\/\/coasa.org\/es\/#website","url":"https:\/\/coasa.org\/es\/","name":"COASA, Empresa Constructora","description":"Des del seu naixement COASA s&#039;ha destacat per una constant evoluci\u00f3 que ens permet\u00e9s una \u00e0gil adaptaci\u00f3 a les necessitats canviants del mercat de la construcci\u00f3 industrial.","publisher":{"@id":"https:\/\/coasa.org\/es\/#organization"},"potentialAction":[{"@type":"SearchAction","target":{"@type":"EntryPoint","urlTemplate":"https:\/\/coasa.org\/es\/?s={search_term_string}"},"query-input":{"@type":"PropertyValueSpecification","valueRequired":true,"valueName":"search_term_string"}}],"inLanguage":"es"},{"@type":"Organization","@id":"https:\/\/coasa.org\/es\/#organization","name":"Coasa","url":"https:\/\/coasa.org\/es\/","logo":{"@type":"ImageObject","inLanguage":"es","@id":"https:\/\/coasa.org\/es\/#\/schema\/logo\/image\/","url":"https:\/\/coasa.org\/wp-content\/uploads\/2018\/10\/logo.png","contentUrl":"https:\/\/coasa.org\/wp-content\/uploads\/2018\/10\/logo.png","width":500,"height":141,"caption":"Coasa"},"image":{"@id":"https:\/\/coasa.org\/es\/#\/schema\/logo\/image\/"},"sameAs":["https:\/\/www.linkedin.com\/company\/coasa\/"]},{"@type":"Person","@id":"https:\/\/coasa.org\/es\/#\/schema\/person\/9768199d4e1981c07491acf9822f8000","name":"coasa","image":{"@type":"ImageObject","inLanguage":"es","@id":"https:\/\/secure.gravatar.com\/avatar\/549d1466bf5f92109814cb3ea499392d3ea766d6ca25767164de70d79f61a27b?s=96&d=mm&r=g","url":"https:\/\/secure.gravatar.com\/avatar\/549d1466bf5f92109814cb3ea499392d3ea766d6ca25767164de70d79f61a27b?s=96&d=mm&r=g","contentUrl":"https:\/\/secure.gravatar.com\/avatar\/549d1466bf5f92109814cb3ea499392d3ea766d6ca25767164de70d79f61a27b?s=96&d=mm&r=g","caption":"coasa"},"url":"https:\/\/coasa.org\/es\/author\/coasa\/"}]}},"_links":{"self":[{"href":"https:\/\/coasa.org\/es\/wp-json\/wp\/v2\/posts\/3425","targetHints":{"allow":["GET"]}}],"collection":[{"href":"https:\/\/coasa.org\/es\/wp-json\/wp\/v2\/posts"}],"about":[{"href":"https:\/\/coasa.org\/es\/wp-json\/wp\/v2\/types\/post"}],"author":[{"embeddable":true,"href":"https:\/\/coasa.org\/es\/wp-json\/wp\/v2\/users\/1"}],"replies":[{"embeddable":true,"href":"https:\/\/coasa.org\/es\/wp-json\/wp\/v2\/comments?post=3425"}],"version-history":[{"count":2,"href":"https:\/\/coasa.org\/es\/wp-json\/wp\/v2\/posts\/3425\/revisions"}],"predecessor-version":[{"id":3427,"href":"https:\/\/coasa.org\/es\/wp-json\/wp\/v2\/posts\/3425\/revisions\/3427"}],"wp:featuredmedia":[{"embeddable":true,"href":"https:\/\/coasa.org\/es\/wp-json\/wp\/v2\/media\/3424"}],"wp:attachment":[{"href":"https:\/\/coasa.org\/es\/wp-json\/wp\/v2\/media?parent=3425"}],"wp:term":[{"taxonomy":"category","embeddable":true,"href":"https:\/\/coasa.org\/es\/wp-json\/wp\/v2\/categories?post=3425"},{"taxonomy":"post_tag","embeddable":true,"href":"https:\/\/coasa.org\/es\/wp-json\/wp\/v2\/tags?post=3425"}],"curies":[{"name":"wp","href":"https:\/\/api.w.org\/{rel}","templated":true}]}}