{"id":4128,"date":"2020-07-01T09:32:32","date_gmt":"2020-07-01T09:32:32","guid":{"rendered":"https:\/\/coasa.org\/?p=4128"},"modified":"2020-06-25T09:39:13","modified_gmt":"2020-06-25T09:39:13","slug":"adaptacion-de-espacios-en-la-nueva-normalidad","status":"publish","type":"post","link":"https:\/\/coasa.org\/es\/adaptacion-de-espacios-en-la-nueva-normalidad\/","title":{"rendered":"Adaptaci\u00f3n de espacios en la nueva normalidad"},"content":{"rendered":"<p>Est\u00e1 claro que la llegada del Covid-19 nos ha obligado a replantearnos nuestra forma de vivir, no solo a nivel personal, sino como sociedad.<\/p>\n<p>Esta pandemia ha hecho que a marchas forzadas tengamos que adaptarnos a otra forma de trabajar, relacionarnos y en definitiva vivir.<\/p>\n<p>Uno de los puntos m\u00e1s importantes y que nosotros vivimos de cerca es el de la remodelaci\u00f3n de espacios. Como ya sab\u00e9is, este virus se transmite a trav\u00e9s del contacto con las \u201cgotas\u201d respetar\u00edas que los humanos emitimos ya sea durante la respiraci\u00f3n, la tos o al estornudar.<\/p>\n<p>Esto\u00a0ha\u00a0condicionado a tomar como una de las medidas preventivas la distancia social, establecida en\u00a0<span class=\"hiddenGrammarError\">2m<\/span>. As\u00ed pues, si solo tenemos en cuenta este punto, queda claro que muchos espacios tanto p\u00fablicos como privados, oficinas, colegios, gimnasios, centros m\u00e9dicos, residencias, entre otros necesitan ahora disponer de un espacio mayor para poder realizar sus funciones con todas las garant\u00edas.<\/p>\n<p>Por este motivo en\u00a0<span class=\"hiddenSpellError\">Coasa<\/span>\u00a0nos ponemos a disposici\u00f3n de la ciudadan\u00eda, para cualquier duda al respecto y con intenci\u00f3n de ayudar a todo aquel que requiera de una remodelaci\u00f3n o ampliaci\u00f3n del espacio.<\/p>\n<p>Como sab\u00e9is, en\u00a0<span class=\"hiddenSpellError\">Coasa<\/span>\u00a0somos expertos en el sector y contamos con una amplia experiencia en las diferentes\u00a0\u00e1reas, desde log\u00edstica,\u00a0agroalimentaria, residencial, obra p\u00fablica, etc.<\/p>\n<p>No dud\u00e9is en contactar con nosotros, estaremos encantados a ayudaros a afrontar esta nueva normalidad dentro de los marcos establecidos, asesorando y \u00a1buscando siempre la mejor opci\u00f3n para cada cliente y proyecto!<\/p>\n","protected":false},"excerpt":{"rendered":"<p>Est\u00e1 claro que la llegada del Covid-19 nos ha obligado a replantearnos nuestra forma de vivir, no solo a nivel personal, sino como sociedad. Esta pandemia ha hecho que a marchas forzadas tengamos que adaptarnos a otra forma de trabajar, relacionarnos y en definitiva vivir. Uno de los puntos m\u00e1s importantes y que nosotros vivimos [&hellip;]<\/p>\n","protected":false},"author":1,"featured_media":4129,"comment_status":"closed","ping_status":"closed","sticky":false,"template":"","format":"standard","meta":{"_et_pb_use_builder":"","_et_pb_old_content":"","_et_gb_content_width":"","_joinchat":[],"footnotes":""},"categories":[17],"tags":[],"class_list":["post-4128","post","type-post","status-publish","format-standard","has-post-thumbnail","hentry","category-notcias-castellano"],"yoast_head":"<!-- This site is optimized with the Yoast SEO plugin v27.5 - https:\/\/yoast.com\/product\/yoast-seo-wordpress\/ -->\n<title>Adaptaci\u00f3n de espacios en la nueva normalidad - COASA, Empresa Constructora<\/title>\n<meta name=\"description\" content=\"Esto\u00a0ha\u00a0condicionado a tomar como una de las medidas preventivas la distancia social, establecida en\u00a02m. As\u00ed pues, si solo tenemos en cuenta este punto, queda claro que muchos espacios tanto p\u00fablicos como privados, oficinas, colegios, gimnasios, centros m\u00e9dicos, residencias, entre otros necesitan ahora disponer de un espacio mayor para poder realizar sus funciones con todas las garant\u00edas.\" \/>\n<meta name=\"robots\" content=\"index, follow, max-snippet:-1, max-image-preview:large, max-video-preview:-1\" \/>\n<link rel=\"canonical\" href=\"https:\/\/coasa.org\/es\/adaptacion-de-espacios-en-la-nueva-normalidad\/\" \/>\n<meta property=\"og:locale\" content=\"es_ES\" \/>\n<meta property=\"og:type\" content=\"article\" \/>\n<meta property=\"og:title\" content=\"Adaptaci\u00f3n de espacios en la nueva normalidad - COASA, Empresa Constructora\" \/>\n<meta property=\"og:description\" content=\"Esto\u00a0ha\u00a0condicionado a tomar como una de las medidas preventivas la distancia social, establecida en\u00a02m. As\u00ed pues, si solo tenemos en cuenta este punto, queda claro que muchos espacios tanto p\u00fablicos como privados, oficinas, colegios, gimnasios, centros m\u00e9dicos, residencias, entre otros necesitan ahora disponer de un espacio mayor para poder realizar sus funciones con todas las garant\u00edas.\" \/>\n<meta property=\"og:url\" content=\"https:\/\/coasa.org\/es\/adaptacion-de-espacios-en-la-nueva-normalidad\/\" \/>\n<meta property=\"og:site_name\" content=\"COASA, Empresa Constructora\" \/>\n<meta property=\"article:published_time\" content=\"2020-07-01T09:32:32+00:00\" \/>\n<meta property=\"og:image\" content=\"https:\/\/coasa.org\/wp-content\/uploads\/2020\/06\/Sin-ti\u0301tulo-5.jpg\" \/>\n\t<meta property=\"og:image:width\" content=\"400\" \/>\n\t<meta property=\"og:image:height\" content=\"250\" \/>\n\t<meta property=\"og:image:type\" content=\"image\/jpeg\" \/>\n<meta name=\"author\" content=\"coasa\" \/>\n<meta name=\"twitter:label1\" content=\"Escrito por\" \/>\n\t<meta name=\"twitter:data1\" content=\"coasa\" \/>\n\t<meta name=\"twitter:label2\" content=\"Tiempo de lectura\" \/>\n\t<meta name=\"twitter:data2\" content=\"1 minuto\" \/>\n<script type=\"application\/ld+json\" class=\"yoast-schema-graph\">{\"@context\":\"https:\\\/\\\/schema.org\",\"@graph\":[{\"@type\":\"Article\",\"@id\":\"https:\\\/\\\/coasa.org\\\/es\\\/adaptacion-de-espacios-en-la-nueva-normalidad\\\/#article\",\"isPartOf\":{\"@id\":\"https:\\\/\\\/coasa.org\\\/es\\\/adaptacion-de-espacios-en-la-nueva-normalidad\\\/\"},\"author\":{\"name\":\"coasa\",\"@id\":\"https:\\\/\\\/coasa.org\\\/es\\\/#\\\/schema\\\/person\\\/9768199d4e1981c07491acf9822f8000\"},\"headline\":\"Adaptaci\u00f3n de espacios en la nueva normalidad\",\"datePublished\":\"2020-07-01T09:32:32+00:00\",\"mainEntityOfPage\":{\"@id\":\"https:\\\/\\\/coasa.org\\\/es\\\/adaptacion-de-espacios-en-la-nueva-normalidad\\\/\"},\"wordCount\":271,\"publisher\":{\"@id\":\"https:\\\/\\\/coasa.org\\\/es\\\/#organization\"},\"image\":{\"@id\":\"https:\\\/\\\/coasa.org\\\/es\\\/adaptacion-de-espacios-en-la-nueva-normalidad\\\/#primaryimage\"},\"thumbnailUrl\":\"https:\\\/\\\/coasa.org\\\/wp-content\\\/uploads\\\/2020\\\/06\\\/Sin-ti\u0301tulo-5.jpg\",\"articleSection\":[\"notcias castellano\"],\"inLanguage\":\"es\"},{\"@type\":\"WebPage\",\"@id\":\"https:\\\/\\\/coasa.org\\\/es\\\/adaptacion-de-espacios-en-la-nueva-normalidad\\\/\",\"url\":\"https:\\\/\\\/coasa.org\\\/es\\\/adaptacion-de-espacios-en-la-nueva-normalidad\\\/\",\"name\":\"Adaptaci\u00f3n de espacios en la nueva normalidad - COASA, Empresa Constructora\",\"isPartOf\":{\"@id\":\"https:\\\/\\\/coasa.org\\\/es\\\/#website\"},\"primaryImageOfPage\":{\"@id\":\"https:\\\/\\\/coasa.org\\\/es\\\/adaptacion-de-espacios-en-la-nueva-normalidad\\\/#primaryimage\"},\"image\":{\"@id\":\"https:\\\/\\\/coasa.org\\\/es\\\/adaptacion-de-espacios-en-la-nueva-normalidad\\\/#primaryimage\"},\"thumbnailUrl\":\"https:\\\/\\\/coasa.org\\\/wp-content\\\/uploads\\\/2020\\\/06\\\/Sin-ti\u0301tulo-5.jpg\",\"datePublished\":\"2020-07-01T09:32:32+00:00\",\"description\":\"Esto\u00a0ha\u00a0condicionado a tomar como una de las medidas preventivas la distancia social, establecida en\u00a02m. As\u00ed pues, si solo tenemos en cuenta este punto, queda claro que muchos espacios tanto p\u00fablicos como privados, oficinas, colegios, gimnasios, centros m\u00e9dicos, residencias, entre otros necesitan ahora disponer de un espacio mayor para poder realizar sus funciones con todas las garant\u00edas.\",\"breadcrumb\":{\"@id\":\"https:\\\/\\\/coasa.org\\\/es\\\/adaptacion-de-espacios-en-la-nueva-normalidad\\\/#breadcrumb\"},\"inLanguage\":\"es\",\"potentialAction\":[{\"@type\":\"ReadAction\",\"target\":[\"https:\\\/\\\/coasa.org\\\/es\\\/adaptacion-de-espacios-en-la-nueva-normalidad\\\/\"]}]},{\"@type\":\"ImageObject\",\"inLanguage\":\"es\",\"@id\":\"https:\\\/\\\/coasa.org\\\/es\\\/adaptacion-de-espacios-en-la-nueva-normalidad\\\/#primaryimage\",\"url\":\"https:\\\/\\\/coasa.org\\\/wp-content\\\/uploads\\\/2020\\\/06\\\/Sin-ti\u0301tulo-5.jpg\",\"contentUrl\":\"https:\\\/\\\/coasa.org\\\/wp-content\\\/uploads\\\/2020\\\/06\\\/Sin-ti\u0301tulo-5.jpg\",\"width\":400,\"height\":250,\"caption\":\"Adaptaci\u00f3n de espacios\"},{\"@type\":\"BreadcrumbList\",\"@id\":\"https:\\\/\\\/coasa.org\\\/es\\\/adaptacion-de-espacios-en-la-nueva-normalidad\\\/#breadcrumb\",\"itemListElement\":[{\"@type\":\"ListItem\",\"position\":1,\"name\":\"Portada\",\"item\":\"https:\\\/\\\/coasa.org\\\/es\\\/\"},{\"@type\":\"ListItem\",\"position\":2,\"name\":\"Adaptaci\u00f3n de espacios en la nueva normalidad\"}]},{\"@type\":\"WebSite\",\"@id\":\"https:\\\/\\\/coasa.org\\\/es\\\/#website\",\"url\":\"https:\\\/\\\/coasa.org\\\/es\\\/\",\"name\":\"COASA, Empresa Constructora\",\"description\":\"Des del seu naixement COASA s&#039;ha destacat per una constant evoluci\u00f3 que ens permet\u00e9s una \u00e0gil adaptaci\u00f3 a les necessitats canviants del mercat de la construcci\u00f3 industrial.\",\"publisher\":{\"@id\":\"https:\\\/\\\/coasa.org\\\/es\\\/#organization\"},\"potentialAction\":[{\"@type\":\"SearchAction\",\"target\":{\"@type\":\"EntryPoint\",\"urlTemplate\":\"https:\\\/\\\/coasa.org\\\/es\\\/?s={search_term_string}\"},\"query-input\":{\"@type\":\"PropertyValueSpecification\",\"valueRequired\":true,\"valueName\":\"search_term_string\"}}],\"inLanguage\":\"es\"},{\"@type\":\"Organization\",\"@id\":\"https:\\\/\\\/coasa.org\\\/es\\\/#organization\",\"name\":\"Coasa\",\"url\":\"https:\\\/\\\/coasa.org\\\/es\\\/\",\"logo\":{\"@type\":\"ImageObject\",\"inLanguage\":\"es\",\"@id\":\"https:\\\/\\\/coasa.org\\\/es\\\/#\\\/schema\\\/logo\\\/image\\\/\",\"url\":\"https:\\\/\\\/coasa.org\\\/wp-content\\\/uploads\\\/2018\\\/10\\\/logo.png\",\"contentUrl\":\"https:\\\/\\\/coasa.org\\\/wp-content\\\/uploads\\\/2018\\\/10\\\/logo.png\",\"width\":500,\"height\":141,\"caption\":\"Coasa\"},\"image\":{\"@id\":\"https:\\\/\\\/coasa.org\\\/es\\\/#\\\/schema\\\/logo\\\/image\\\/\"},\"sameAs\":[\"https:\\\/\\\/www.linkedin.com\\\/company\\\/coasa\\\/\"]},{\"@type\":\"Person\",\"@id\":\"https:\\\/\\\/coasa.org\\\/es\\\/#\\\/schema\\\/person\\\/9768199d4e1981c07491acf9822f8000\",\"name\":\"coasa\",\"image\":{\"@type\":\"ImageObject\",\"inLanguage\":\"es\",\"@id\":\"https:\\\/\\\/secure.gravatar.com\\\/avatar\\\/549d1466bf5f92109814cb3ea499392d3ea766d6ca25767164de70d79f61a27b?s=96&d=mm&r=g\",\"url\":\"https:\\\/\\\/secure.gravatar.com\\\/avatar\\\/549d1466bf5f92109814cb3ea499392d3ea766d6ca25767164de70d79f61a27b?s=96&d=mm&r=g\",\"contentUrl\":\"https:\\\/\\\/secure.gravatar.com\\\/avatar\\\/549d1466bf5f92109814cb3ea499392d3ea766d6ca25767164de70d79f61a27b?s=96&d=mm&r=g\",\"caption\":\"coasa\"},\"url\":\"https:\\\/\\\/coasa.org\\\/es\\\/author\\\/coasa\\\/\"}]}<\/script>\n<!-- \/ Yoast SEO plugin. -->","yoast_head_json":{"title":"Adaptaci\u00f3n de espacios en la nueva normalidad - COASA, Empresa Constructora","description":"Esto\u00a0ha\u00a0condicionado a tomar como una de las medidas preventivas la distancia social, establecida en\u00a02m. As\u00ed pues, si solo tenemos en cuenta este punto, queda claro que muchos espacios tanto p\u00fablicos como privados, oficinas, colegios, gimnasios, centros m\u00e9dicos, residencias, entre otros necesitan ahora disponer de un espacio mayor para poder realizar sus funciones con todas las garant\u00edas.","robots":{"index":"index","follow":"follow","max-snippet":"max-snippet:-1","max-image-preview":"max-image-preview:large","max-video-preview":"max-video-preview:-1"},"canonical":"https:\/\/coasa.org\/es\/adaptacion-de-espacios-en-la-nueva-normalidad\/","og_locale":"es_ES","og_type":"article","og_title":"Adaptaci\u00f3n de espacios en la nueva normalidad - COASA, Empresa Constructora","og_description":"Esto\u00a0ha\u00a0condicionado a tomar como una de las medidas preventivas la distancia social, establecida en\u00a02m. As\u00ed pues, si solo tenemos en cuenta este punto, queda claro que muchos espacios tanto p\u00fablicos como privados, oficinas, colegios, gimnasios, centros m\u00e9dicos, residencias, entre otros necesitan ahora disponer de un espacio mayor para poder realizar sus funciones con todas las garant\u00edas.","og_url":"https:\/\/coasa.org\/es\/adaptacion-de-espacios-en-la-nueva-normalidad\/","og_site_name":"COASA, Empresa Constructora","article_published_time":"2020-07-01T09:32:32+00:00","og_image":[{"width":400,"height":250,"url":"https:\/\/coasa.org\/wp-content\/uploads\/2020\/06\/Sin-ti\u0301tulo-5.jpg","type":"image\/jpeg"}],"author":"coasa","twitter_misc":{"Escrito por":"coasa","Tiempo de lectura":"1 minuto"},"schema":{"@context":"https:\/\/schema.org","@graph":[{"@type":"Article","@id":"https:\/\/coasa.org\/es\/adaptacion-de-espacios-en-la-nueva-normalidad\/#article","isPartOf":{"@id":"https:\/\/coasa.org\/es\/adaptacion-de-espacios-en-la-nueva-normalidad\/"},"author":{"name":"coasa","@id":"https:\/\/coasa.org\/es\/#\/schema\/person\/9768199d4e1981c07491acf9822f8000"},"headline":"Adaptaci\u00f3n de espacios en la nueva normalidad","datePublished":"2020-07-01T09:32:32+00:00","mainEntityOfPage":{"@id":"https:\/\/coasa.org\/es\/adaptacion-de-espacios-en-la-nueva-normalidad\/"},"wordCount":271,"publisher":{"@id":"https:\/\/coasa.org\/es\/#organization"},"image":{"@id":"https:\/\/coasa.org\/es\/adaptacion-de-espacios-en-la-nueva-normalidad\/#primaryimage"},"thumbnailUrl":"https:\/\/coasa.org\/wp-content\/uploads\/2020\/06\/Sin-ti\u0301tulo-5.jpg","articleSection":["notcias castellano"],"inLanguage":"es"},{"@type":"WebPage","@id":"https:\/\/coasa.org\/es\/adaptacion-de-espacios-en-la-nueva-normalidad\/","url":"https:\/\/coasa.org\/es\/adaptacion-de-espacios-en-la-nueva-normalidad\/","name":"Adaptaci\u00f3n de espacios en la nueva normalidad - COASA, Empresa Constructora","isPartOf":{"@id":"https:\/\/coasa.org\/es\/#website"},"primaryImageOfPage":{"@id":"https:\/\/coasa.org\/es\/adaptacion-de-espacios-en-la-nueva-normalidad\/#primaryimage"},"image":{"@id":"https:\/\/coasa.org\/es\/adaptacion-de-espacios-en-la-nueva-normalidad\/#primaryimage"},"thumbnailUrl":"https:\/\/coasa.org\/wp-content\/uploads\/2020\/06\/Sin-ti\u0301tulo-5.jpg","datePublished":"2020-07-01T09:32:32+00:00","description":"Esto\u00a0ha\u00a0condicionado a tomar como una de las medidas preventivas la distancia social, establecida en\u00a02m. As\u00ed pues, si solo tenemos en cuenta este punto, queda claro que muchos espacios tanto p\u00fablicos como privados, oficinas, colegios, gimnasios, centros m\u00e9dicos, residencias, entre otros necesitan ahora disponer de un espacio mayor para poder realizar sus funciones con todas las garant\u00edas.","breadcrumb":{"@id":"https:\/\/coasa.org\/es\/adaptacion-de-espacios-en-la-nueva-normalidad\/#breadcrumb"},"inLanguage":"es","potentialAction":[{"@type":"ReadAction","target":["https:\/\/coasa.org\/es\/adaptacion-de-espacios-en-la-nueva-normalidad\/"]}]},{"@type":"ImageObject","inLanguage":"es","@id":"https:\/\/coasa.org\/es\/adaptacion-de-espacios-en-la-nueva-normalidad\/#primaryimage","url":"https:\/\/coasa.org\/wp-content\/uploads\/2020\/06\/Sin-ti\u0301tulo-5.jpg","contentUrl":"https:\/\/coasa.org\/wp-content\/uploads\/2020\/06\/Sin-ti\u0301tulo-5.jpg","width":400,"height":250,"caption":"Adaptaci\u00f3n de espacios"},{"@type":"BreadcrumbList","@id":"https:\/\/coasa.org\/es\/adaptacion-de-espacios-en-la-nueva-normalidad\/#breadcrumb","itemListElement":[{"@type":"ListItem","position":1,"name":"Portada","item":"https:\/\/coasa.org\/es\/"},{"@type":"ListItem","position":2,"name":"Adaptaci\u00f3n de espacios en la nueva normalidad"}]},{"@type":"WebSite","@id":"https:\/\/coasa.org\/es\/#website","url":"https:\/\/coasa.org\/es\/","name":"COASA, Empresa Constructora","description":"Des del seu naixement COASA s&#039;ha destacat per una constant evoluci\u00f3 que ens permet\u00e9s una \u00e0gil adaptaci\u00f3 a les necessitats canviants del mercat de la construcci\u00f3 industrial.","publisher":{"@id":"https:\/\/coasa.org\/es\/#organization"},"potentialAction":[{"@type":"SearchAction","target":{"@type":"EntryPoint","urlTemplate":"https:\/\/coasa.org\/es\/?s={search_term_string}"},"query-input":{"@type":"PropertyValueSpecification","valueRequired":true,"valueName":"search_term_string"}}],"inLanguage":"es"},{"@type":"Organization","@id":"https:\/\/coasa.org\/es\/#organization","name":"Coasa","url":"https:\/\/coasa.org\/es\/","logo":{"@type":"ImageObject","inLanguage":"es","@id":"https:\/\/coasa.org\/es\/#\/schema\/logo\/image\/","url":"https:\/\/coasa.org\/wp-content\/uploads\/2018\/10\/logo.png","contentUrl":"https:\/\/coasa.org\/wp-content\/uploads\/2018\/10\/logo.png","width":500,"height":141,"caption":"Coasa"},"image":{"@id":"https:\/\/coasa.org\/es\/#\/schema\/logo\/image\/"},"sameAs":["https:\/\/www.linkedin.com\/company\/coasa\/"]},{"@type":"Person","@id":"https:\/\/coasa.org\/es\/#\/schema\/person\/9768199d4e1981c07491acf9822f8000","name":"coasa","image":{"@type":"ImageObject","inLanguage":"es","@id":"https:\/\/secure.gravatar.com\/avatar\/549d1466bf5f92109814cb3ea499392d3ea766d6ca25767164de70d79f61a27b?s=96&d=mm&r=g","url":"https:\/\/secure.gravatar.com\/avatar\/549d1466bf5f92109814cb3ea499392d3ea766d6ca25767164de70d79f61a27b?s=96&d=mm&r=g","contentUrl":"https:\/\/secure.gravatar.com\/avatar\/549d1466bf5f92109814cb3ea499392d3ea766d6ca25767164de70d79f61a27b?s=96&d=mm&r=g","caption":"coasa"},"url":"https:\/\/coasa.org\/es\/author\/coasa\/"}]}},"_links":{"self":[{"href":"https:\/\/coasa.org\/es\/wp-json\/wp\/v2\/posts\/4128","targetHints":{"allow":["GET"]}}],"collection":[{"href":"https:\/\/coasa.org\/es\/wp-json\/wp\/v2\/posts"}],"about":[{"href":"https:\/\/coasa.org\/es\/wp-json\/wp\/v2\/types\/post"}],"author":[{"embeddable":true,"href":"https:\/\/coasa.org\/es\/wp-json\/wp\/v2\/users\/1"}],"replies":[{"embeddable":true,"href":"https:\/\/coasa.org\/es\/wp-json\/wp\/v2\/comments?post=4128"}],"version-history":[{"count":1,"href":"https:\/\/coasa.org\/es\/wp-json\/wp\/v2\/posts\/4128\/revisions"}],"predecessor-version":[{"id":4131,"href":"https:\/\/coasa.org\/es\/wp-json\/wp\/v2\/posts\/4128\/revisions\/4131"}],"wp:featuredmedia":[{"embeddable":true,"href":"https:\/\/coasa.org\/es\/wp-json\/wp\/v2\/media\/4129"}],"wp:attachment":[{"href":"https:\/\/coasa.org\/es\/wp-json\/wp\/v2\/media?parent=4128"}],"wp:term":[{"taxonomy":"category","embeddable":true,"href":"https:\/\/coasa.org\/es\/wp-json\/wp\/v2\/categories?post=4128"},{"taxonomy":"post_tag","embeddable":true,"href":"https:\/\/coasa.org\/es\/wp-json\/wp\/v2\/tags?post=4128"}],"curies":[{"name":"wp","href":"https:\/\/api.w.org\/{rel}","templated":true}]}}