{"id":6125,"date":"2023-08-01T08:59:45","date_gmt":"2023-08-01T06:59:45","guid":{"rendered":"https:\/\/coasa.org\/?p=6125"},"modified":"2023-08-01T09:03:22","modified_gmt":"2023-08-01T07:03:22","slug":"rehabilitacion-de-fachadas-en-tarragona-2","status":"publish","type":"post","link":"https:\/\/coasa.org\/es\/rehabilitacion-de-fachadas-en-tarragona-2\/","title":{"rendered":"Rehabilitaci\u00f3n de fachadas en Tarragona"},"content":{"rendered":"[et_pb_section fb_built=\u00bb1&#8243; admin_label=\u00bbsection\u00bb _builder_version=\u00bb4.21.0&#8243; global_colors_info=\u00bb{}\u00bb][et_pb_row admin_label=\u00bbrow\u00bb _builder_version=\u00bb4.20.4&#8243; background_size=\u00bbinitial\u00bb background_position=\u00bbtop_left\u00bb background_repeat=\u00bbrepeat\u00bb global_colors_info=\u00bb{}\u00bb][et_pb_column type=\u00bb4_4&#8243; _builder_version=\u00bb4.16&#8243; custom_padding=\u00bb|||\u00bb global_colors_info=\u00bb{}\u00bb custom_padding__hover=\u00bb|||\u00bb][et_pb_text admin_label=\u00bbText\u00bb _builder_version=\u00bb4.21.0&#8243; background_size=\u00bbinitial\u00bb background_position=\u00bbtop_left\u00bb background_repeat=\u00bbrepeat\u00bb global_colors_info=\u00bb{}\u00bb]\n<h1><strong>Rehabilitaci\u00f3n de fachadas en Tarragona<\/strong><\/h1>\n<p>&nbsp;<\/p>\n<p>La rehabilitaci\u00f3n de fachadas no solo es una necesidad est\u00e9tica, sino tambi\u00e9n un requisito para garantizar la seguridad, la durabilidad y el valor del patrimonio arquitect\u00f3nico del edificio. As\u00ed, os explicaremos la <strong>importancia de apostar por la rehabilitaci\u00f3n de fachadas<\/strong>, as\u00ed como en que consiste y cu\u00e1l es el proceso que supone.<\/p>\n<p>&nbsp;<\/p>\n<p>\u00a1Sigue leyendo y desc\u00fabrelo!<\/p>\n<p>&nbsp;<\/p>\n<h2><strong>En qu\u00e9 consiste la rehabilitaci\u00f3n de fachadas<\/strong><\/h2>\n<p><strong> <\/strong><\/p>\n<p>La rehabilitaci\u00f3n de fachadas consiste en <strong>reparar y renovar la apariencia y funcionalidad de las fachadas de los edificios.<\/strong> As\u00ed, este proceso busca devolver a las fachadas su estado original o mejorar su aspecto est\u00e9tico, a la vez que se emprenden problemas estructurales y se mejora la eficiencia energ\u00e9tica del edificio.<\/p>\n<p>&nbsp;<\/p>\n<p>Y es que, claro, son muchos los factores que provocan da\u00f1os a las fachadas de los edificios o viviendas, afectando su est\u00e9tica, seguridad y habitabilidad: elementos contaminantes, humo de los veh\u00edculos, factores clim\u00e1ticos, humedades, etc. <\/p>\n<p><strong> <\/strong><\/p>\n<h2><strong>Importancia rehabilitaci\u00f3n de fachadas<\/strong><\/h2>\n<p><strong> <\/strong><\/p>\n<p>Si te preguntas si realmente es importante <strong>apostar por la rehabilitaci\u00f3n de fachadas<\/strong>, la respuesta es afirmativa. Lo es, y mucho. No solo por la vida del edificio, sino tambi\u00e9n por la seguridad de todos y todas nosotros.<\/p>\n<p>&nbsp;<\/p>\n<p>Una fachada tiene el papel de <strong>proteger el inmueble y sus integrantes<\/strong>, por tanto, es esencial vigilar su estado y condiciones. Y es que una fachada en malas condiciones no solo afecta al aspecto del edificio, sino que tambi\u00e9n genera otros problemas: p\u00e9rdida aislamiento t\u00e9rmico, aumento de humedades, condensaciones, hundimientos&#8230; <\/p>\n<p>&nbsp;<\/p>\n<p>As\u00ed, la rehabilitaci\u00f3n de fachadas resulta <strong>imprescindible para mantener la seguridad<\/strong> de todos y todas. En caso de estar en mal estado, puede provocar que se desprendan algunos materiales -entre otros- y causar da\u00f1os irreparables. Por tanto, la rehabilitaci\u00f3n de fachadas:<\/p>\n<p>&nbsp;<\/p>\n<ul>\n<li>Hace que el edificio sea m\u00e1s seguro<\/li>\n<li>Contribuye a la estabilidad del edificio<\/li>\n<li>Mejora la est\u00e9tica de la fachada<\/li>\n<li>Mejora la calidad de vida de los integrantes<\/li>\n<li>Incrementa el valor del edificio<\/li>\n<\/ul>\n[\/et_pb_text][et_pb_image src=\u00bbhttps:\/\/coasa.org\/wp-content\/uploads\/2023\/07\/facana-empresa-rehabilitacio.jpg\u00bb alt=\u00bbempresa-constructora-tarragona\u00bb title_text=\u00bbfa\u00e7ana-empresa-rehabilitaci\u00f3\u00bb _builder_version=\u00bb4.21.0&#8243; _module_preset=\u00bbdefault\u00bb global_colors_info=\u00bb{}\u00bb][\/et_pb_image][et_pb_text admin_label=\u00bbText\u00bb _builder_version=\u00bb4.21.0&#8243; background_size=\u00bbinitial\u00bb background_position=\u00bbtop_left\u00bb background_repeat=\u00bbrepeat\u00bb global_colors_info=\u00bb{}\u00bb]\n<h3><strong><\/strong><\/h3>\n<h3><strong><\/strong><\/h3>\n<p><strong><\/strong><\/p>\n<h2><strong>Niveles de riesgo seg\u00fan el estado de la fachada<\/strong><\/h2>\n<p><strong> <\/strong><\/p>\n<p>Seg\u00fan las patolog\u00edas de la fachada, el grado de riesgo puede clasificarse en 3:<\/p>\n<p>&nbsp;<\/p>\n<ul>\n<li><strong>Primer grado<\/strong>: Da\u00f1os <strong>est\u00e9ticos<\/strong> que no suponen ning\u00fan riesgo o peligro para los integrantes del edificio. Estos da\u00f1os se pueden solucionar con un proyecto o trabajo de mantenimiento. No hay que preocuparse de m\u00e1s.<\/li>\n<\/ul>\n<p><strong> <\/strong><\/p>\n<ul>\n<li><strong>Segundo grado: <\/strong>Da\u00f1os que afectan a la <strong>funcionalidad<\/strong> y salud del edificio, aunque no afectan a su estructura como tal. No obstante, requieren una rehabilitaci\u00f3n y reparaci\u00f3n para solucionar el problema y devolver la funcionalidad al edificio.<\/li>\n<\/ul>\n<p><strong> <\/strong><\/p>\n<ul>\n<li><strong>Tercer grado: <\/strong>Da\u00f1os que afectan a la <strong>estructura<\/strong> del edificio y, por tanto, hacen peligrar su estabilidad. En este caso, existe un peligro grave y preocupante para los integrantes del edificio, por eso, la rehabilitaci\u00f3n de las fachadas es una urgencia indudable.<\/li>\n<\/ul>\n<p><strong> <\/strong><\/p>\n<p>Si necesitas ayuda para determinar los riesgos de la fachada y comprobar en qu\u00e9 grado se encuentra, <a href=\"https:\/\/coasa.org\/es\/contacte\/\" target=\"_blank\" rel=\"noopener\">no dudas en hablarnos.<\/a> <\/p>\n<p><strong> <\/strong><\/p>\n<h2><strong>Cu\u00e1l es el proceso <\/strong><\/h2>\n<p>&nbsp;<\/p>\n<p>El proceso de rehabilitaci\u00f3n de una fachada depender\u00e1, est\u00e1 claro, del estado en qu\u00e9 se encuentre. No es lo mismo una fachada con un riesgo de primer grado que uno de tercer grado.<\/p>\n<p>&nbsp;<\/p>\n<p>No obstante, algunos de los trabajos gen\u00e9ricos que se llevan a cabo son:<\/p>\n<p>&nbsp;<\/p>\n<h3><strong>Limpieza<\/strong><\/h3>\n<p><strong> <\/strong><\/p>\n<p>Antes de ponerse manos a la obra, es importante llevar a cabo una <strong>limpieza exhaustiva de la fachada<\/strong> para eliminar la suciedad, el polvo, los dep\u00f3sitos y otros elementos que se hayan ido acumulando con el tiempo. Hay varias metodolog\u00edas para hacerlo, pero algunas de las m\u00e1s comunes son la limpieza qu\u00edmica y la limpieza a presi\u00f3n. <\/p>\n<p><strong> <\/strong><\/p>\n<h3><strong>Reparaci\u00f3n de la estructura<\/strong><\/h3>\n<p><strong> <\/strong><\/p>\n<p>En caso de identificarse da\u00f1os a la estructura de la fachada, como por ejemplo grietas, desprendimientos o deterioro de los materiales, se tienen que realizar las <strong>reparaciones necesarias.<\/strong> Esto puede implicar la colmataci\u00f3n de las grietas, el reemplazo de elementos da\u00f1ados o la reparaci\u00f3n de elementos ornamentales. <\/p>\n<p><strong> <\/strong><\/p>\n<h3><strong>Renovaci\u00f3n de revestimientos<\/strong><\/h3>\n<p><strong> <\/strong><\/p>\n<p>En algunos casos, es posible que se necesite el <strong>reemplazo o renovaci\u00f3n de los revestimientos exteriores<\/strong> de la fachada. Esto puede incluir la aplicaci\u00f3n de nuevos revestimientos, como pintura, paneles de piedra, baldosas o revestimientos met\u00e1licos, para mejorar el aspecto est\u00e9tico y la protecci\u00f3n del edificio.<\/p>\n<p><strong> <\/strong><\/p>\n<h3><strong>Mejora eficiencia energ\u00e9tica <\/strong><\/h3>\n<p><strong> <\/strong><\/p>\n<p>Aprovechando la rehabilitaci\u00f3n de una fachada, tambi\u00e9n se puede <a href=\"https:\/\/instalacionesyeficienciaenergetica.com\/las-cinco-soluciones-rehabilitacion-termica-fachadas-edificios\/\" target=\"_blank\" rel=\"noopener\"><strong>implementar alguna medida para mejorar la eficiencia energ\u00e9tica<\/strong><\/a> del edificio. Esto puede incluir la instalaci\u00f3n de aislamiento t\u00e9rmico, la sustituci\u00f3n de ventanas y puertas por otras de m\u00e1s eficientes, la incorporaci\u00f3n de sistemas de control solar o el uso de materiales sostenibles, entre otros.<\/p>\n<p>&nbsp;<\/p>\n<p>Nunca es demasiado tarde para apostar por el medio ambiente. \u00a1M\u00e1s vale tarde que nunca! <\/p>\n<p><strong> <\/strong><\/p>\n<h3><strong>Restauraci\u00f3n de elementos arquitect\u00f3nicos<\/strong><\/h3>\n<p><strong> <\/strong><\/p>\n<p>En caso de qu\u00e9 el edificio tambi\u00e9n tenga elementos arquitect\u00f3nicos ornamentales o hist\u00f3ricos, como por ejemplo molduras, balcones, cornisas o adornos, se puede realizar su restauraci\u00f3n para volverlos a su <strong>esplendor original.<\/strong><\/p>\n<p>&nbsp;<\/p>\n<h2><strong>Empresa de rehabilitaci\u00f3n de fachadas a Tarragona<\/strong><\/h2>\n<p>&nbsp;<\/p>\n<p>Desde Coasa, como empresa constructora con muchos a\u00f1os de experiencia, podemos ayudarte a llevar a cabo tu proyecto de rehabilitaci\u00f3n de fachadas. No dudes en contactarnos si lo necesitas.<\/p>\n<p>&nbsp;<\/p>\n[\/et_pb_text][et_pb_cta title=\u00bbHaz realidad tu proyecto\u00bb button_url=\u00bbhttps:\/\/coasa.org\/es\/contacte\/\u00bb url_new_window=\u00bbon\u00bb button_text=\u00bbContacta\u00bb _builder_version=\u00bb4.20.2&#8243; _module_preset=\u00bbdefault\u00bb custom_button=\u00bbon\u00bb button_text_color=\u00bb#FFFFFF\u00bb custom_margin=\u00bb||0px||false|false\u00bb custom_padding=\u00bb40px||30px||false|false\u00bb global_colors_info=\u00bb{}\u00bb]\n<p>No dudes en contactarnos si quieres poner en marcha un proyecto o si necesitas hacernos alguna consulta.<\/p>\n[\/et_pb_cta][\/et_pb_column][\/et_pb_row][\/et_pb_section]\n","protected":false},"excerpt":{"rendered":"<p>Rehabilitaci\u00f3n de fachadas en Tarragona &nbsp; La rehabilitaci\u00f3n de fachadas no solo es una necesidad est\u00e9tica, sino tambi\u00e9n un requisito para garantizar la seguridad, la durabilidad y el valor del patrimonio arquitect\u00f3nico del edificio. As\u00ed, os explicaremos la importancia de apostar por la rehabilitaci\u00f3n de fachadas, as\u00ed como en que consiste y cu\u00e1l es el [&hellip;]<\/p>\n","protected":false},"author":1,"featured_media":6105,"comment_status":"closed","ping_status":"closed","sticky":false,"template":"","format":"standard","meta":{"_et_pb_use_builder":"on","_et_pb_old_content":"","_et_gb_content_width":"","_joinchat":[],"footnotes":""},"categories":[17],"tags":[55,50,53,354,356,355,186],"class_list":["post-6125","post","type-post","status-publish","format-standard","has-post-thumbnail","hentry","category-notcias-castellano","tag-coasa-es","tag-construccion","tag-empresa-constructora-es","tag-facanes-es","tag-fachadas-es","tag-rehabilitacion-fachadas","tag-sostenibilidad"],"yoast_head":"<!-- This site is optimized with the Yoast SEO plugin v27.5 - https:\/\/yoast.com\/product\/yoast-seo-wordpress\/ -->\n<title>Rehabilitaci\u00f3n de fachadas en Tarragona - COASA, Empresa Constructora<\/title>\n<meta name=\"description\" content=\"Buscas una empresa de rehabilitaci\u00f3n de fachadas en Tarragona? Estamos aqu\u00ed para ayudarte. Descubre la importancia y proceso.\" \/>\n<meta name=\"robots\" content=\"index, follow, max-snippet:-1, max-image-preview:large, max-video-preview:-1\" \/>\n<link rel=\"canonical\" href=\"https:\/\/coasa.org\/es\/rehabilitacion-de-fachadas-en-tarragona-2\/\" \/>\n<meta property=\"og:locale\" content=\"es_ES\" \/>\n<meta property=\"og:type\" content=\"article\" \/>\n<meta property=\"og:title\" content=\"Rehabilitaci\u00f3n de fachadas en Tarragona - COASA, Empresa Constructora\" \/>\n<meta property=\"og:description\" content=\"Buscas una empresa de rehabilitaci\u00f3n de fachadas en Tarragona? Estamos aqu\u00ed para ayudarte. Descubre la importancia y proceso.\" \/>\n<meta property=\"og:url\" content=\"https:\/\/coasa.org\/es\/rehabilitacion-de-fachadas-en-tarragona-2\/\" \/>\n<meta property=\"og:site_name\" content=\"COASA, Empresa Constructora\" \/>\n<meta property=\"article:published_time\" content=\"2023-08-01T06:59:45+00:00\" \/>\n<meta property=\"article:modified_time\" content=\"2023-08-01T07:03:22+00:00\" \/>\n<meta property=\"og:image\" content=\"https:\/\/coasa.org\/wp-content\/uploads\/2023\/07\/rehabilitacio-facanes.jpg\" \/>\n\t<meta property=\"og:image:width\" content=\"1300\" \/>\n\t<meta property=\"og:image:height\" content=\"867\" \/>\n\t<meta property=\"og:image:type\" content=\"image\/jpeg\" \/>\n<meta name=\"author\" content=\"coasa\" \/>\n<meta name=\"twitter:label1\" content=\"Escrito por\" \/>\n\t<meta name=\"twitter:data1\" content=\"coasa\" \/>\n\t<meta name=\"twitter:label2\" content=\"Tiempo de lectura\" \/>\n\t<meta name=\"twitter:data2\" content=\"6 minutos\" \/>\n<script type=\"application\/ld+json\" class=\"yoast-schema-graph\">{\"@context\":\"https:\\\/\\\/schema.org\",\"@graph\":[{\"@type\":\"Article\",\"@id\":\"https:\\\/\\\/coasa.org\\\/es\\\/rehabilitacion-de-fachadas-en-tarragona-2\\\/#article\",\"isPartOf\":{\"@id\":\"https:\\\/\\\/coasa.org\\\/es\\\/rehabilitacion-de-fachadas-en-tarragona-2\\\/\"},\"author\":{\"name\":\"coasa\",\"@id\":\"https:\\\/\\\/coasa.org\\\/es\\\/#\\\/schema\\\/person\\\/9768199d4e1981c07491acf9822f8000\"},\"headline\":\"Rehabilitaci\u00f3n de fachadas en Tarragona\",\"datePublished\":\"2023-08-01T06:59:45+00:00\",\"dateModified\":\"2023-08-01T07:03:22+00:00\",\"mainEntityOfPage\":{\"@id\":\"https:\\\/\\\/coasa.org\\\/es\\\/rehabilitacion-de-fachadas-en-tarragona-2\\\/\"},\"wordCount\":1126,\"publisher\":{\"@id\":\"https:\\\/\\\/coasa.org\\\/es\\\/#organization\"},\"image\":{\"@id\":\"https:\\\/\\\/coasa.org\\\/es\\\/rehabilitacion-de-fachadas-en-tarragona-2\\\/#primaryimage\"},\"thumbnailUrl\":\"https:\\\/\\\/coasa.org\\\/wp-content\\\/uploads\\\/2023\\\/07\\\/rehabilitacio-facanes.jpg\",\"keywords\":[\"coasa\",\"construccion\",\"empresa constructora\",\"fa\u00e7anes\",\"fachadas\",\"rehabilitaci\u00f3n fachadas\",\"sostenibilidad\"],\"articleSection\":[\"notcias castellano\"],\"inLanguage\":\"es\"},{\"@type\":\"WebPage\",\"@id\":\"https:\\\/\\\/coasa.org\\\/es\\\/rehabilitacion-de-fachadas-en-tarragona-2\\\/\",\"url\":\"https:\\\/\\\/coasa.org\\\/es\\\/rehabilitacion-de-fachadas-en-tarragona-2\\\/\",\"name\":\"Rehabilitaci\u00f3n de fachadas en Tarragona - COASA, Empresa Constructora\",\"isPartOf\":{\"@id\":\"https:\\\/\\\/coasa.org\\\/es\\\/#website\"},\"primaryImageOfPage\":{\"@id\":\"https:\\\/\\\/coasa.org\\\/es\\\/rehabilitacion-de-fachadas-en-tarragona-2\\\/#primaryimage\"},\"image\":{\"@id\":\"https:\\\/\\\/coasa.org\\\/es\\\/rehabilitacion-de-fachadas-en-tarragona-2\\\/#primaryimage\"},\"thumbnailUrl\":\"https:\\\/\\\/coasa.org\\\/wp-content\\\/uploads\\\/2023\\\/07\\\/rehabilitacio-facanes.jpg\",\"datePublished\":\"2023-08-01T06:59:45+00:00\",\"dateModified\":\"2023-08-01T07:03:22+00:00\",\"description\":\"Buscas una empresa de rehabilitaci\u00f3n de fachadas en Tarragona? Estamos aqu\u00ed para ayudarte. Descubre la importancia y proceso.\",\"breadcrumb\":{\"@id\":\"https:\\\/\\\/coasa.org\\\/es\\\/rehabilitacion-de-fachadas-en-tarragona-2\\\/#breadcrumb\"},\"inLanguage\":\"es\",\"potentialAction\":[{\"@type\":\"ReadAction\",\"target\":[\"https:\\\/\\\/coasa.org\\\/es\\\/rehabilitacion-de-fachadas-en-tarragona-2\\\/\"]}]},{\"@type\":\"ImageObject\",\"inLanguage\":\"es\",\"@id\":\"https:\\\/\\\/coasa.org\\\/es\\\/rehabilitacion-de-fachadas-en-tarragona-2\\\/#primaryimage\",\"url\":\"https:\\\/\\\/coasa.org\\\/wp-content\\\/uploads\\\/2023\\\/07\\\/rehabilitacio-facanes.jpg\",\"contentUrl\":\"https:\\\/\\\/coasa.org\\\/wp-content\\\/uploads\\\/2023\\\/07\\\/rehabilitacio-facanes.jpg\",\"width\":1300,\"height\":867,\"caption\":\"rehabilitaci\u00f3-fa\u00e7anes\"},{\"@type\":\"BreadcrumbList\",\"@id\":\"https:\\\/\\\/coasa.org\\\/es\\\/rehabilitacion-de-fachadas-en-tarragona-2\\\/#breadcrumb\",\"itemListElement\":[{\"@type\":\"ListItem\",\"position\":1,\"name\":\"Portada\",\"item\":\"https:\\\/\\\/coasa.org\\\/es\\\/\"},{\"@type\":\"ListItem\",\"position\":2,\"name\":\"Rehabilitaci\u00f3n de fachadas en Tarragona\"}]},{\"@type\":\"WebSite\",\"@id\":\"https:\\\/\\\/coasa.org\\\/es\\\/#website\",\"url\":\"https:\\\/\\\/coasa.org\\\/es\\\/\",\"name\":\"COASA, Empresa Constructora\",\"description\":\"Des del seu naixement COASA s&#039;ha destacat per una constant evoluci\u00f3 que ens permet\u00e9s una \u00e0gil adaptaci\u00f3 a les necessitats canviants del mercat de la construcci\u00f3 industrial.\",\"publisher\":{\"@id\":\"https:\\\/\\\/coasa.org\\\/es\\\/#organization\"},\"potentialAction\":[{\"@type\":\"SearchAction\",\"target\":{\"@type\":\"EntryPoint\",\"urlTemplate\":\"https:\\\/\\\/coasa.org\\\/es\\\/?s={search_term_string}\"},\"query-input\":{\"@type\":\"PropertyValueSpecification\",\"valueRequired\":true,\"valueName\":\"search_term_string\"}}],\"inLanguage\":\"es\"},{\"@type\":\"Organization\",\"@id\":\"https:\\\/\\\/coasa.org\\\/es\\\/#organization\",\"name\":\"Coasa\",\"url\":\"https:\\\/\\\/coasa.org\\\/es\\\/\",\"logo\":{\"@type\":\"ImageObject\",\"inLanguage\":\"es\",\"@id\":\"https:\\\/\\\/coasa.org\\\/es\\\/#\\\/schema\\\/logo\\\/image\\\/\",\"url\":\"https:\\\/\\\/coasa.org\\\/wp-content\\\/uploads\\\/2018\\\/10\\\/logo.png\",\"contentUrl\":\"https:\\\/\\\/coasa.org\\\/wp-content\\\/uploads\\\/2018\\\/10\\\/logo.png\",\"width\":500,\"height\":141,\"caption\":\"Coasa\"},\"image\":{\"@id\":\"https:\\\/\\\/coasa.org\\\/es\\\/#\\\/schema\\\/logo\\\/image\\\/\"},\"sameAs\":[\"https:\\\/\\\/www.linkedin.com\\\/company\\\/coasa\\\/\"]},{\"@type\":\"Person\",\"@id\":\"https:\\\/\\\/coasa.org\\\/es\\\/#\\\/schema\\\/person\\\/9768199d4e1981c07491acf9822f8000\",\"name\":\"coasa\",\"image\":{\"@type\":\"ImageObject\",\"inLanguage\":\"es\",\"@id\":\"https:\\\/\\\/secure.gravatar.com\\\/avatar\\\/549d1466bf5f92109814cb3ea499392d3ea766d6ca25767164de70d79f61a27b?s=96&d=mm&r=g\",\"url\":\"https:\\\/\\\/secure.gravatar.com\\\/avatar\\\/549d1466bf5f92109814cb3ea499392d3ea766d6ca25767164de70d79f61a27b?s=96&d=mm&r=g\",\"contentUrl\":\"https:\\\/\\\/secure.gravatar.com\\\/avatar\\\/549d1466bf5f92109814cb3ea499392d3ea766d6ca25767164de70d79f61a27b?s=96&d=mm&r=g\",\"caption\":\"coasa\"},\"url\":\"https:\\\/\\\/coasa.org\\\/es\\\/author\\\/coasa\\\/\"}]}<\/script>\n<!-- \/ Yoast SEO plugin. -->","yoast_head_json":{"title":"Rehabilitaci\u00f3n de fachadas en Tarragona - COASA, Empresa Constructora","description":"Buscas una empresa de rehabilitaci\u00f3n de fachadas en Tarragona? Estamos aqu\u00ed para ayudarte. Descubre la importancia y proceso.","robots":{"index":"index","follow":"follow","max-snippet":"max-snippet:-1","max-image-preview":"max-image-preview:large","max-video-preview":"max-video-preview:-1"},"canonical":"https:\/\/coasa.org\/es\/rehabilitacion-de-fachadas-en-tarragona-2\/","og_locale":"es_ES","og_type":"article","og_title":"Rehabilitaci\u00f3n de fachadas en Tarragona - COASA, Empresa Constructora","og_description":"Buscas una empresa de rehabilitaci\u00f3n de fachadas en Tarragona? Estamos aqu\u00ed para ayudarte. Descubre la importancia y proceso.","og_url":"https:\/\/coasa.org\/es\/rehabilitacion-de-fachadas-en-tarragona-2\/","og_site_name":"COASA, Empresa Constructora","article_published_time":"2023-08-01T06:59:45+00:00","article_modified_time":"2023-08-01T07:03:22+00:00","og_image":[{"width":1300,"height":867,"url":"https:\/\/coasa.org\/wp-content\/uploads\/2023\/07\/rehabilitacio-facanes.jpg","type":"image\/jpeg"}],"author":"coasa","twitter_misc":{"Escrito por":"coasa","Tiempo de lectura":"6 minutos"},"schema":{"@context":"https:\/\/schema.org","@graph":[{"@type":"Article","@id":"https:\/\/coasa.org\/es\/rehabilitacion-de-fachadas-en-tarragona-2\/#article","isPartOf":{"@id":"https:\/\/coasa.org\/es\/rehabilitacion-de-fachadas-en-tarragona-2\/"},"author":{"name":"coasa","@id":"https:\/\/coasa.org\/es\/#\/schema\/person\/9768199d4e1981c07491acf9822f8000"},"headline":"Rehabilitaci\u00f3n de fachadas en Tarragona","datePublished":"2023-08-01T06:59:45+00:00","dateModified":"2023-08-01T07:03:22+00:00","mainEntityOfPage":{"@id":"https:\/\/coasa.org\/es\/rehabilitacion-de-fachadas-en-tarragona-2\/"},"wordCount":1126,"publisher":{"@id":"https:\/\/coasa.org\/es\/#organization"},"image":{"@id":"https:\/\/coasa.org\/es\/rehabilitacion-de-fachadas-en-tarragona-2\/#primaryimage"},"thumbnailUrl":"https:\/\/coasa.org\/wp-content\/uploads\/2023\/07\/rehabilitacio-facanes.jpg","keywords":["coasa","construccion","empresa constructora","fa\u00e7anes","fachadas","rehabilitaci\u00f3n fachadas","sostenibilidad"],"articleSection":["notcias castellano"],"inLanguage":"es"},{"@type":"WebPage","@id":"https:\/\/coasa.org\/es\/rehabilitacion-de-fachadas-en-tarragona-2\/","url":"https:\/\/coasa.org\/es\/rehabilitacion-de-fachadas-en-tarragona-2\/","name":"Rehabilitaci\u00f3n de fachadas en Tarragona - COASA, Empresa Constructora","isPartOf":{"@id":"https:\/\/coasa.org\/es\/#website"},"primaryImageOfPage":{"@id":"https:\/\/coasa.org\/es\/rehabilitacion-de-fachadas-en-tarragona-2\/#primaryimage"},"image":{"@id":"https:\/\/coasa.org\/es\/rehabilitacion-de-fachadas-en-tarragona-2\/#primaryimage"},"thumbnailUrl":"https:\/\/coasa.org\/wp-content\/uploads\/2023\/07\/rehabilitacio-facanes.jpg","datePublished":"2023-08-01T06:59:45+00:00","dateModified":"2023-08-01T07:03:22+00:00","description":"Buscas una empresa de rehabilitaci\u00f3n de fachadas en Tarragona? Estamos aqu\u00ed para ayudarte. Descubre la importancia y proceso.","breadcrumb":{"@id":"https:\/\/coasa.org\/es\/rehabilitacion-de-fachadas-en-tarragona-2\/#breadcrumb"},"inLanguage":"es","potentialAction":[{"@type":"ReadAction","target":["https:\/\/coasa.org\/es\/rehabilitacion-de-fachadas-en-tarragona-2\/"]}]},{"@type":"ImageObject","inLanguage":"es","@id":"https:\/\/coasa.org\/es\/rehabilitacion-de-fachadas-en-tarragona-2\/#primaryimage","url":"https:\/\/coasa.org\/wp-content\/uploads\/2023\/07\/rehabilitacio-facanes.jpg","contentUrl":"https:\/\/coasa.org\/wp-content\/uploads\/2023\/07\/rehabilitacio-facanes.jpg","width":1300,"height":867,"caption":"rehabilitaci\u00f3-fa\u00e7anes"},{"@type":"BreadcrumbList","@id":"https:\/\/coasa.org\/es\/rehabilitacion-de-fachadas-en-tarragona-2\/#breadcrumb","itemListElement":[{"@type":"ListItem","position":1,"name":"Portada","item":"https:\/\/coasa.org\/es\/"},{"@type":"ListItem","position":2,"name":"Rehabilitaci\u00f3n de fachadas en Tarragona"}]},{"@type":"WebSite","@id":"https:\/\/coasa.org\/es\/#website","url":"https:\/\/coasa.org\/es\/","name":"COASA, Empresa Constructora","description":"Des del seu naixement COASA s&#039;ha destacat per una constant evoluci\u00f3 que ens permet\u00e9s una \u00e0gil adaptaci\u00f3 a les necessitats canviants del mercat de la construcci\u00f3 industrial.","publisher":{"@id":"https:\/\/coasa.org\/es\/#organization"},"potentialAction":[{"@type":"SearchAction","target":{"@type":"EntryPoint","urlTemplate":"https:\/\/coasa.org\/es\/?s={search_term_string}"},"query-input":{"@type":"PropertyValueSpecification","valueRequired":true,"valueName":"search_term_string"}}],"inLanguage":"es"},{"@type":"Organization","@id":"https:\/\/coasa.org\/es\/#organization","name":"Coasa","url":"https:\/\/coasa.org\/es\/","logo":{"@type":"ImageObject","inLanguage":"es","@id":"https:\/\/coasa.org\/es\/#\/schema\/logo\/image\/","url":"https:\/\/coasa.org\/wp-content\/uploads\/2018\/10\/logo.png","contentUrl":"https:\/\/coasa.org\/wp-content\/uploads\/2018\/10\/logo.png","width":500,"height":141,"caption":"Coasa"},"image":{"@id":"https:\/\/coasa.org\/es\/#\/schema\/logo\/image\/"},"sameAs":["https:\/\/www.linkedin.com\/company\/coasa\/"]},{"@type":"Person","@id":"https:\/\/coasa.org\/es\/#\/schema\/person\/9768199d4e1981c07491acf9822f8000","name":"coasa","image":{"@type":"ImageObject","inLanguage":"es","@id":"https:\/\/secure.gravatar.com\/avatar\/549d1466bf5f92109814cb3ea499392d3ea766d6ca25767164de70d79f61a27b?s=96&d=mm&r=g","url":"https:\/\/secure.gravatar.com\/avatar\/549d1466bf5f92109814cb3ea499392d3ea766d6ca25767164de70d79f61a27b?s=96&d=mm&r=g","contentUrl":"https:\/\/secure.gravatar.com\/avatar\/549d1466bf5f92109814cb3ea499392d3ea766d6ca25767164de70d79f61a27b?s=96&d=mm&r=g","caption":"coasa"},"url":"https:\/\/coasa.org\/es\/author\/coasa\/"}]}},"_links":{"self":[{"href":"https:\/\/coasa.org\/es\/wp-json\/wp\/v2\/posts\/6125","targetHints":{"allow":["GET"]}}],"collection":[{"href":"https:\/\/coasa.org\/es\/wp-json\/wp\/v2\/posts"}],"about":[{"href":"https:\/\/coasa.org\/es\/wp-json\/wp\/v2\/types\/post"}],"author":[{"embeddable":true,"href":"https:\/\/coasa.org\/es\/wp-json\/wp\/v2\/users\/1"}],"replies":[{"embeddable":true,"href":"https:\/\/coasa.org\/es\/wp-json\/wp\/v2\/comments?post=6125"}],"version-history":[{"count":6,"href":"https:\/\/coasa.org\/es\/wp-json\/wp\/v2\/posts\/6125\/revisions"}],"predecessor-version":[{"id":6144,"href":"https:\/\/coasa.org\/es\/wp-json\/wp\/v2\/posts\/6125\/revisions\/6144"}],"wp:featuredmedia":[{"embeddable":true,"href":"https:\/\/coasa.org\/es\/wp-json\/wp\/v2\/media\/6105"}],"wp:attachment":[{"href":"https:\/\/coasa.org\/es\/wp-json\/wp\/v2\/media?parent=6125"}],"wp:term":[{"taxonomy":"category","embeddable":true,"href":"https:\/\/coasa.org\/es\/wp-json\/wp\/v2\/categories?post=6125"},{"taxonomy":"post_tag","embeddable":true,"href":"https:\/\/coasa.org\/es\/wp-json\/wp\/v2\/tags?post=6125"}],"curies":[{"name":"wp","href":"https:\/\/api.w.org\/{rel}","templated":true}]}}