{"id":6778,"date":"2024-04-22T18:01:10","date_gmt":"2024-04-22T16:01:10","guid":{"rendered":"https:\/\/coasa.org\/?p=6778"},"modified":"2024-04-22T18:01:10","modified_gmt":"2024-04-22T16:01:10","slug":"coasa-nuevo-socio-y-vocal-de-pimec-y-pimec-baix-camp","status":"publish","type":"post","link":"https:\/\/coasa.org\/es\/coasa-nuevo-socio-y-vocal-de-pimec-y-pimec-baix-camp\/","title":{"rendered":"Coasa, nuevo socio y vocal de PIMEC y PIMEC Baix Camp"},"content":{"rendered":"[et_pb_section fb_built=\u00bb1&#8243; admin_label=\u00bbsection\u00bb _builder_version=\u00bb4.23.4&#8243; global_colors_info=\u00bb{}\u00bb theme_builder_area=\u00bbpost_content\u00bb][et_pb_row admin_label=\u00bbrow\u00bb _builder_version=\u00bb4.24.2&#8243; background_size=\u00bbinitial\u00bb background_position=\u00bbtop_left\u00bb background_repeat=\u00bbrepeat\u00bb custom_padding=\u00bb|||0px||\u00bb collapsed=\u00bbon\u00bb global_colors_info=\u00bb{}\u00bb theme_builder_area=\u00bbpost_content\u00bb][et_pb_column type=\u00bb4_4&#8243; _builder_version=\u00bb4.16&#8243; custom_padding=\u00bb|||\u00bb global_colors_info=\u00bb{}\u00bb custom_padding__hover=\u00bb|||\u00bb theme_builder_area=\u00bbpost_content\u00bb][et_pb_text admin_label=\u00bbText\u00bb _builder_version=\u00bb4.25.0&#8243; background_size=\u00bbinitial\u00bb background_position=\u00bbtop_left\u00bb background_repeat=\u00bbrepeat\u00bb global_colors_info=\u00bb{}\u00bb theme_builder_area=\u00bbpost_content\u00bb]\n<h1><strong>Coasa, nuevo socio y vocal de PIMEC y PIMEC Baix Camp<\/strong><\/h1>\n<p>&nbsp;<\/p>\n<p>&nbsp;<\/p>\n<p>El pasado martes participamos en la <strong>Primera Edici\u00f3n de los Reconocimientos empresariales PIMEC Baix Camp<\/strong>, como nuevos socios de PIMEC y como vocales de la junta directiva de <a href=\"https:\/\/tarragonaempresarial.com\/16\/04\/2024\/primera-edicio-dels-reconeixements-empresarials-pimec-baix-camp\/\" target=\"_blank\" rel=\"noopener\">PIMEC Baix Camp.<\/a><\/p>\n<p>&nbsp;<\/p>\n<p>El acto tuvo lugar en <strong>firaReus con m\u00e1s de 150 empresarios y empresarias del territorio<\/strong>, y cont\u00f3 con la colaboraci\u00f3n de la Concejal\u00eda de Promoci\u00f3n Econ\u00f3mica, Innovaci\u00f3n y Conocimiento del Ayuntamiento de Reus.<\/p>\n<p>&nbsp;<\/p>\n<p>As\u00ed, durante el acontecimiento, la patronal otorg\u00f3 cinco distintivos a diferentes iniciativas empresariales que con su tarea impulsan la competitividad del tejido empresarial del Baix Camp.<\/p>\n<p>&nbsp;<\/p>\n<p>Los galardonados fueron Salud y Trabajo (digitalizaci\u00f3n); Llaberia Pl\u00e1sticos (internacionalizaci\u00f3n); Chal\u00e9 de Prades (turismo sostenible); Mallafr\u00e9 (agroalimentaci\u00f3n); y Andr\u00e9s Pintaluba (trayectoria empresarial).<\/p>\n<p>&nbsp;<\/p>\n<p>\u201cEs imprescindible que como agente social y econ\u00f3mico reconozcamos empresas que est\u00e1n siendo <strong> referentes en estos momentos de cambios<\/strong>, no solo por el presente, sino tambi\u00e9n por el futuro\u00bb, afirmaba Antoni Ca\u00f1ete, presidente de PIMEC.<\/p>\n<p>&nbsp;<\/p>\n<p>\u00a1Un placer haber podido <strong>formar parte de la jornada e inmensamente agradecidos<\/strong> por formar parte de PIMEC! \ud83e\udd17<\/p>\n<p>&nbsp;<\/p>\n[\/et_pb_text][et_pb_slider _builder_version=\u00bb4.25.0&#8243; _module_preset=\u00bbdefault\u00bb background_image=\u00bbhttps:\/\/coasa.org\/wp-content\/uploads\/2024\/04\/planta-fotovoltaica.jpg\u00bb global_colors_info=\u00bb{}\u00bb theme_builder_area=\u00bbpost_content\u00bb][et_pb_slide _builder_version=\u00bb4.25.0&#8243; _module_preset=\u00bbdefault\u00bb background_image=\u00bbhttps:\/\/coasa.org\/wp-content\/uploads\/2024\/04\/jornada-pimec-baix-camp.jpg\u00bb background_enable_image=\u00bbon\u00bb global_colors_info=\u00bb{}\u00bb sticky_transition=\u00bbon\u00bb theme_builder_area=\u00bbpost_content\u00bb]\n<p>&nbsp;<\/p>\n<p>&nbsp;<\/p>\n<p>&nbsp;<\/p>\n<p>&nbsp;<\/p>\n<p>&nbsp;<\/p>\n<p>&nbsp;<\/p>\n<p>&nbsp;<\/p>\n[\/et_pb_slide][et_pb_slide _builder_version=\u00bb4.25.0&#8243; _module_preset=\u00bbdefault\u00bb background_image=\u00bbhttps:\/\/coasa.org\/wp-content\/uploads\/2024\/04\/coasa-empresa-constructora.jpg\u00bb background_enable_image=\u00bbon\u00bb global_colors_info=\u00bb{}\u00bb sticky_transition=\u00bbon\u00bb theme_builder_area=\u00bbpost_content\u00bb]\n<p>&nbsp;<\/p>\n<p>&nbsp;<\/p>\n<p>&nbsp;<\/p>\n<p>&nbsp;<\/p>\n<p>&nbsp;<\/p>\n<p>&nbsp;<\/p>\n<p>&nbsp;<\/p>\n[\/et_pb_slide][et_pb_slide _builder_version=\u00bb4.25.0&#8243; _module_preset=\u00bbdefault\u00bb background_image=\u00bbhttps:\/\/coasa.org\/wp-content\/uploads\/2024\/04\/pimec-i-coasa.jpg\u00bb background_enable_image=\u00bbon\u00bb global_colors_info=\u00bb{}\u00bb sticky_transition=\u00bbon\u00bb theme_builder_area=\u00bbpost_content\u00bb]\n<p>&nbsp;<\/p>\n<p>&nbsp;<\/p>\n<p>&nbsp;<\/p>\n<p>&nbsp;<\/p>\n<p>&nbsp;<\/p>\n<p>&nbsp;<\/p>\n<p>&nbsp;<\/p>\n[\/et_pb_slide][\/et_pb_slider][\/et_pb_column][\/et_pb_row][\/et_pb_section]\n","protected":false},"excerpt":{"rendered":"<p>Coasa, nuevo socio y vocal de PIMEC y PIMEC Baix Camp &nbsp; &nbsp; El pasado martes participamos en la Primera Edici\u00f3n de los Reconocimientos empresariales PIMEC Baix Camp, como nuevos socios de PIMEC y como vocales de la junta directiva de PIMEC Baix Camp. &nbsp; El acto tuvo lugar en firaReus con m\u00e1s de 150 [&hellip;]<\/p>\n","protected":false},"author":1,"featured_media":6794,"comment_status":"closed","ping_status":"closed","sticky":false,"template":"","format":"standard","meta":{"_et_pb_use_builder":"on","_et_pb_old_content":"","_et_gb_content_width":"","_joinchat":[],"footnotes":""},"categories":[17],"tags":[394,50,340,267,53,437,453,452,451],"class_list":["post-6778","post","type-post","status-publish","format-standard","has-post-thumbnail","hentry","category-notcias-castellano","tag-construccio-industrial-es","tag-construccion","tag-construccion-prefabricada-es","tag-construccion-reus","tag-empresa-constructora-es","tag-empresa-constructora-tarragona-es","tag-empreses-es","tag-pimec-es","tag-reconeixement-empresarial-es"],"yoast_head":"<!-- This site is optimized with the Yoast SEO plugin v27.5 - https:\/\/yoast.com\/product\/yoast-seo-wordpress\/ -->\n<title>Coasa, nuevo socio y vocal de PIMEC y PIMEC Baix Camp - Actualitat<\/title>\n<meta name=\"description\" content=\"Participamos en la I Edici\u00f3n de los Reconocimientos empresariales PIMEC Baix Camp, como nuevos socios de PIMEC y como vocales de la junta directiva.\" \/>\n<meta name=\"robots\" content=\"index, follow, max-snippet:-1, max-image-preview:large, max-video-preview:-1\" \/>\n<link rel=\"canonical\" href=\"https:\/\/coasa.org\/es\/coasa-nuevo-socio-y-vocal-de-pimec-y-pimec-baix-camp\/\" \/>\n<meta property=\"og:locale\" content=\"es_ES\" \/>\n<meta property=\"og:type\" content=\"article\" \/>\n<meta property=\"og:title\" content=\"Coasa, nuevo socio y vocal de PIMEC y PIMEC Baix Camp - Actualitat\" \/>\n<meta property=\"og:description\" content=\"Participamos en la I Edici\u00f3n de los Reconocimientos empresariales PIMEC Baix Camp, como nuevos socios de PIMEC y como vocales de la junta directiva.\" \/>\n<meta property=\"og:url\" content=\"https:\/\/coasa.org\/es\/coasa-nuevo-socio-y-vocal-de-pimec-y-pimec-baix-camp\/\" \/>\n<meta property=\"og:site_name\" content=\"COASA, Empresa Constructora\" \/>\n<meta property=\"article:published_time\" content=\"2024-04-22T16:01:10+00:00\" \/>\n<meta property=\"og:image\" content=\"https:\/\/coasa.org\/wp-content\/uploads\/2024\/04\/coasa-empresa-constructora.jpg\" \/>\n\t<meta property=\"og:image:width\" content=\"1200\" \/>\n\t<meta property=\"og:image:height\" content=\"800\" \/>\n\t<meta property=\"og:image:type\" content=\"image\/jpeg\" \/>\n<meta name=\"author\" content=\"coasa\" \/>\n<meta name=\"twitter:label1\" content=\"Escrito por\" \/>\n\t<meta name=\"twitter:data1\" content=\"coasa\" \/>\n\t<meta name=\"twitter:label2\" content=\"Tiempo de lectura\" \/>\n\t<meta name=\"twitter:data2\" content=\"2 minutos\" \/>\n<script type=\"application\/ld+json\" class=\"yoast-schema-graph\">{\"@context\":\"https:\\\/\\\/schema.org\",\"@graph\":[{\"@type\":\"Article\",\"@id\":\"https:\\\/\\\/coasa.org\\\/es\\\/coasa-nuevo-socio-y-vocal-de-pimec-y-pimec-baix-camp\\\/#article\",\"isPartOf\":{\"@id\":\"https:\\\/\\\/coasa.org\\\/es\\\/coasa-nuevo-socio-y-vocal-de-pimec-y-pimec-baix-camp\\\/\"},\"author\":{\"name\":\"coasa\",\"@id\":\"https:\\\/\\\/coasa.org\\\/es\\\/#\\\/schema\\\/person\\\/9768199d4e1981c07491acf9822f8000\"},\"headline\":\"Coasa, nuevo socio y vocal de PIMEC y PIMEC Baix Camp\",\"datePublished\":\"2024-04-22T16:01:10+00:00\",\"mainEntityOfPage\":{\"@id\":\"https:\\\/\\\/coasa.org\\\/es\\\/coasa-nuevo-socio-y-vocal-de-pimec-y-pimec-baix-camp\\\/\"},\"wordCount\":469,\"publisher\":{\"@id\":\"https:\\\/\\\/coasa.org\\\/es\\\/#organization\"},\"image\":{\"@id\":\"https:\\\/\\\/coasa.org\\\/es\\\/coasa-nuevo-socio-y-vocal-de-pimec-y-pimec-baix-camp\\\/#primaryimage\"},\"thumbnailUrl\":\"https:\\\/\\\/coasa.org\\\/wp-content\\\/uploads\\\/2024\\\/04\\\/coasa-empresa-constructora.jpg\",\"keywords\":[\"construcci\u00f3 industrial\",\"construccion\",\"construcci\u00f3n prefabricada\",\"construcci\u00f3n reus\",\"empresa constructora\",\"empresa constructora tarragona\",\"empreses\",\"pimec\",\"reconeixement empresarial\"],\"articleSection\":[\"notcias castellano\"],\"inLanguage\":\"es\"},{\"@type\":\"WebPage\",\"@id\":\"https:\\\/\\\/coasa.org\\\/es\\\/coasa-nuevo-socio-y-vocal-de-pimec-y-pimec-baix-camp\\\/\",\"url\":\"https:\\\/\\\/coasa.org\\\/es\\\/coasa-nuevo-socio-y-vocal-de-pimec-y-pimec-baix-camp\\\/\",\"name\":\"Coasa, nuevo socio y vocal de PIMEC y PIMEC Baix Camp - Actualitat\",\"isPartOf\":{\"@id\":\"https:\\\/\\\/coasa.org\\\/es\\\/#website\"},\"primaryImageOfPage\":{\"@id\":\"https:\\\/\\\/coasa.org\\\/es\\\/coasa-nuevo-socio-y-vocal-de-pimec-y-pimec-baix-camp\\\/#primaryimage\"},\"image\":{\"@id\":\"https:\\\/\\\/coasa.org\\\/es\\\/coasa-nuevo-socio-y-vocal-de-pimec-y-pimec-baix-camp\\\/#primaryimage\"},\"thumbnailUrl\":\"https:\\\/\\\/coasa.org\\\/wp-content\\\/uploads\\\/2024\\\/04\\\/coasa-empresa-constructora.jpg\",\"datePublished\":\"2024-04-22T16:01:10+00:00\",\"description\":\"Participamos en la I Edici\u00f3n de los Reconocimientos empresariales PIMEC Baix Camp, como nuevos socios de PIMEC y como vocales de la junta directiva.\",\"breadcrumb\":{\"@id\":\"https:\\\/\\\/coasa.org\\\/es\\\/coasa-nuevo-socio-y-vocal-de-pimec-y-pimec-baix-camp\\\/#breadcrumb\"},\"inLanguage\":\"es\",\"potentialAction\":[{\"@type\":\"ReadAction\",\"target\":[\"https:\\\/\\\/coasa.org\\\/es\\\/coasa-nuevo-socio-y-vocal-de-pimec-y-pimec-baix-camp\\\/\"]}]},{\"@type\":\"ImageObject\",\"inLanguage\":\"es\",\"@id\":\"https:\\\/\\\/coasa.org\\\/es\\\/coasa-nuevo-socio-y-vocal-de-pimec-y-pimec-baix-camp\\\/#primaryimage\",\"url\":\"https:\\\/\\\/coasa.org\\\/wp-content\\\/uploads\\\/2024\\\/04\\\/coasa-empresa-constructora.jpg\",\"contentUrl\":\"https:\\\/\\\/coasa.org\\\/wp-content\\\/uploads\\\/2024\\\/04\\\/coasa-empresa-constructora.jpg\",\"width\":1200,\"height\":800},{\"@type\":\"BreadcrumbList\",\"@id\":\"https:\\\/\\\/coasa.org\\\/es\\\/coasa-nuevo-socio-y-vocal-de-pimec-y-pimec-baix-camp\\\/#breadcrumb\",\"itemListElement\":[{\"@type\":\"ListItem\",\"position\":1,\"name\":\"Portada\",\"item\":\"https:\\\/\\\/coasa.org\\\/es\\\/\"},{\"@type\":\"ListItem\",\"position\":2,\"name\":\"Coasa, nuevo socio y vocal de PIMEC y PIMEC Baix Camp\"}]},{\"@type\":\"WebSite\",\"@id\":\"https:\\\/\\\/coasa.org\\\/es\\\/#website\",\"url\":\"https:\\\/\\\/coasa.org\\\/es\\\/\",\"name\":\"COASA, Empresa Constructora\",\"description\":\"Des del seu naixement COASA s&#039;ha destacat per una constant evoluci\u00f3 que ens permet\u00e9s una \u00e0gil adaptaci\u00f3 a les necessitats canviants del mercat de la construcci\u00f3 industrial.\",\"publisher\":{\"@id\":\"https:\\\/\\\/coasa.org\\\/es\\\/#organization\"},\"potentialAction\":[{\"@type\":\"SearchAction\",\"target\":{\"@type\":\"EntryPoint\",\"urlTemplate\":\"https:\\\/\\\/coasa.org\\\/es\\\/?s={search_term_string}\"},\"query-input\":{\"@type\":\"PropertyValueSpecification\",\"valueRequired\":true,\"valueName\":\"search_term_string\"}}],\"inLanguage\":\"es\"},{\"@type\":\"Organization\",\"@id\":\"https:\\\/\\\/coasa.org\\\/es\\\/#organization\",\"name\":\"Coasa\",\"url\":\"https:\\\/\\\/coasa.org\\\/es\\\/\",\"logo\":{\"@type\":\"ImageObject\",\"inLanguage\":\"es\",\"@id\":\"https:\\\/\\\/coasa.org\\\/es\\\/#\\\/schema\\\/logo\\\/image\\\/\",\"url\":\"https:\\\/\\\/coasa.org\\\/wp-content\\\/uploads\\\/2018\\\/10\\\/logo.png\",\"contentUrl\":\"https:\\\/\\\/coasa.org\\\/wp-content\\\/uploads\\\/2018\\\/10\\\/logo.png\",\"width\":500,\"height\":141,\"caption\":\"Coasa\"},\"image\":{\"@id\":\"https:\\\/\\\/coasa.org\\\/es\\\/#\\\/schema\\\/logo\\\/image\\\/\"},\"sameAs\":[\"https:\\\/\\\/www.linkedin.com\\\/company\\\/coasa\\\/\"]},{\"@type\":\"Person\",\"@id\":\"https:\\\/\\\/coasa.org\\\/es\\\/#\\\/schema\\\/person\\\/9768199d4e1981c07491acf9822f8000\",\"name\":\"coasa\",\"image\":{\"@type\":\"ImageObject\",\"inLanguage\":\"es\",\"@id\":\"https:\\\/\\\/secure.gravatar.com\\\/avatar\\\/549d1466bf5f92109814cb3ea499392d3ea766d6ca25767164de70d79f61a27b?s=96&d=mm&r=g\",\"url\":\"https:\\\/\\\/secure.gravatar.com\\\/avatar\\\/549d1466bf5f92109814cb3ea499392d3ea766d6ca25767164de70d79f61a27b?s=96&d=mm&r=g\",\"contentUrl\":\"https:\\\/\\\/secure.gravatar.com\\\/avatar\\\/549d1466bf5f92109814cb3ea499392d3ea766d6ca25767164de70d79f61a27b?s=96&d=mm&r=g\",\"caption\":\"coasa\"},\"url\":\"https:\\\/\\\/coasa.org\\\/es\\\/author\\\/coasa\\\/\"}]}<\/script>\n<!-- \/ Yoast SEO plugin. -->","yoast_head_json":{"title":"Coasa, nuevo socio y vocal de PIMEC y PIMEC Baix Camp - Actualitat","description":"Participamos en la I Edici\u00f3n de los Reconocimientos empresariales PIMEC Baix Camp, como nuevos socios de PIMEC y como vocales de la junta directiva.","robots":{"index":"index","follow":"follow","max-snippet":"max-snippet:-1","max-image-preview":"max-image-preview:large","max-video-preview":"max-video-preview:-1"},"canonical":"https:\/\/coasa.org\/es\/coasa-nuevo-socio-y-vocal-de-pimec-y-pimec-baix-camp\/","og_locale":"es_ES","og_type":"article","og_title":"Coasa, nuevo socio y vocal de PIMEC y PIMEC Baix Camp - Actualitat","og_description":"Participamos en la I Edici\u00f3n de los Reconocimientos empresariales PIMEC Baix Camp, como nuevos socios de PIMEC y como vocales de la junta directiva.","og_url":"https:\/\/coasa.org\/es\/coasa-nuevo-socio-y-vocal-de-pimec-y-pimec-baix-camp\/","og_site_name":"COASA, Empresa Constructora","article_published_time":"2024-04-22T16:01:10+00:00","og_image":[{"width":1200,"height":800,"url":"https:\/\/coasa.org\/wp-content\/uploads\/2024\/04\/coasa-empresa-constructora.jpg","type":"image\/jpeg"}],"author":"coasa","twitter_misc":{"Escrito por":"coasa","Tiempo de lectura":"2 minutos"},"schema":{"@context":"https:\/\/schema.org","@graph":[{"@type":"Article","@id":"https:\/\/coasa.org\/es\/coasa-nuevo-socio-y-vocal-de-pimec-y-pimec-baix-camp\/#article","isPartOf":{"@id":"https:\/\/coasa.org\/es\/coasa-nuevo-socio-y-vocal-de-pimec-y-pimec-baix-camp\/"},"author":{"name":"coasa","@id":"https:\/\/coasa.org\/es\/#\/schema\/person\/9768199d4e1981c07491acf9822f8000"},"headline":"Coasa, nuevo socio y vocal de PIMEC y PIMEC Baix Camp","datePublished":"2024-04-22T16:01:10+00:00","mainEntityOfPage":{"@id":"https:\/\/coasa.org\/es\/coasa-nuevo-socio-y-vocal-de-pimec-y-pimec-baix-camp\/"},"wordCount":469,"publisher":{"@id":"https:\/\/coasa.org\/es\/#organization"},"image":{"@id":"https:\/\/coasa.org\/es\/coasa-nuevo-socio-y-vocal-de-pimec-y-pimec-baix-camp\/#primaryimage"},"thumbnailUrl":"https:\/\/coasa.org\/wp-content\/uploads\/2024\/04\/coasa-empresa-constructora.jpg","keywords":["construcci\u00f3 industrial","construccion","construcci\u00f3n prefabricada","construcci\u00f3n reus","empresa constructora","empresa constructora tarragona","empreses","pimec","reconeixement empresarial"],"articleSection":["notcias castellano"],"inLanguage":"es"},{"@type":"WebPage","@id":"https:\/\/coasa.org\/es\/coasa-nuevo-socio-y-vocal-de-pimec-y-pimec-baix-camp\/","url":"https:\/\/coasa.org\/es\/coasa-nuevo-socio-y-vocal-de-pimec-y-pimec-baix-camp\/","name":"Coasa, nuevo socio y vocal de PIMEC y PIMEC Baix Camp - Actualitat","isPartOf":{"@id":"https:\/\/coasa.org\/es\/#website"},"primaryImageOfPage":{"@id":"https:\/\/coasa.org\/es\/coasa-nuevo-socio-y-vocal-de-pimec-y-pimec-baix-camp\/#primaryimage"},"image":{"@id":"https:\/\/coasa.org\/es\/coasa-nuevo-socio-y-vocal-de-pimec-y-pimec-baix-camp\/#primaryimage"},"thumbnailUrl":"https:\/\/coasa.org\/wp-content\/uploads\/2024\/04\/coasa-empresa-constructora.jpg","datePublished":"2024-04-22T16:01:10+00:00","description":"Participamos en la I Edici\u00f3n de los Reconocimientos empresariales PIMEC Baix Camp, como nuevos socios de PIMEC y como vocales de la junta directiva.","breadcrumb":{"@id":"https:\/\/coasa.org\/es\/coasa-nuevo-socio-y-vocal-de-pimec-y-pimec-baix-camp\/#breadcrumb"},"inLanguage":"es","potentialAction":[{"@type":"ReadAction","target":["https:\/\/coasa.org\/es\/coasa-nuevo-socio-y-vocal-de-pimec-y-pimec-baix-camp\/"]}]},{"@type":"ImageObject","inLanguage":"es","@id":"https:\/\/coasa.org\/es\/coasa-nuevo-socio-y-vocal-de-pimec-y-pimec-baix-camp\/#primaryimage","url":"https:\/\/coasa.org\/wp-content\/uploads\/2024\/04\/coasa-empresa-constructora.jpg","contentUrl":"https:\/\/coasa.org\/wp-content\/uploads\/2024\/04\/coasa-empresa-constructora.jpg","width":1200,"height":800},{"@type":"BreadcrumbList","@id":"https:\/\/coasa.org\/es\/coasa-nuevo-socio-y-vocal-de-pimec-y-pimec-baix-camp\/#breadcrumb","itemListElement":[{"@type":"ListItem","position":1,"name":"Portada","item":"https:\/\/coasa.org\/es\/"},{"@type":"ListItem","position":2,"name":"Coasa, nuevo socio y vocal de PIMEC y PIMEC Baix Camp"}]},{"@type":"WebSite","@id":"https:\/\/coasa.org\/es\/#website","url":"https:\/\/coasa.org\/es\/","name":"COASA, Empresa Constructora","description":"Des del seu naixement COASA s&#039;ha destacat per una constant evoluci\u00f3 que ens permet\u00e9s una \u00e0gil adaptaci\u00f3 a les necessitats canviants del mercat de la construcci\u00f3 industrial.","publisher":{"@id":"https:\/\/coasa.org\/es\/#organization"},"potentialAction":[{"@type":"SearchAction","target":{"@type":"EntryPoint","urlTemplate":"https:\/\/coasa.org\/es\/?s={search_term_string}"},"query-input":{"@type":"PropertyValueSpecification","valueRequired":true,"valueName":"search_term_string"}}],"inLanguage":"es"},{"@type":"Organization","@id":"https:\/\/coasa.org\/es\/#organization","name":"Coasa","url":"https:\/\/coasa.org\/es\/","logo":{"@type":"ImageObject","inLanguage":"es","@id":"https:\/\/coasa.org\/es\/#\/schema\/logo\/image\/","url":"https:\/\/coasa.org\/wp-content\/uploads\/2018\/10\/logo.png","contentUrl":"https:\/\/coasa.org\/wp-content\/uploads\/2018\/10\/logo.png","width":500,"height":141,"caption":"Coasa"},"image":{"@id":"https:\/\/coasa.org\/es\/#\/schema\/logo\/image\/"},"sameAs":["https:\/\/www.linkedin.com\/company\/coasa\/"]},{"@type":"Person","@id":"https:\/\/coasa.org\/es\/#\/schema\/person\/9768199d4e1981c07491acf9822f8000","name":"coasa","image":{"@type":"ImageObject","inLanguage":"es","@id":"https:\/\/secure.gravatar.com\/avatar\/549d1466bf5f92109814cb3ea499392d3ea766d6ca25767164de70d79f61a27b?s=96&d=mm&r=g","url":"https:\/\/secure.gravatar.com\/avatar\/549d1466bf5f92109814cb3ea499392d3ea766d6ca25767164de70d79f61a27b?s=96&d=mm&r=g","contentUrl":"https:\/\/secure.gravatar.com\/avatar\/549d1466bf5f92109814cb3ea499392d3ea766d6ca25767164de70d79f61a27b?s=96&d=mm&r=g","caption":"coasa"},"url":"https:\/\/coasa.org\/es\/author\/coasa\/"}]}},"_links":{"self":[{"href":"https:\/\/coasa.org\/es\/wp-json\/wp\/v2\/posts\/6778","targetHints":{"allow":["GET"]}}],"collection":[{"href":"https:\/\/coasa.org\/es\/wp-json\/wp\/v2\/posts"}],"about":[{"href":"https:\/\/coasa.org\/es\/wp-json\/wp\/v2\/types\/post"}],"author":[{"embeddable":true,"href":"https:\/\/coasa.org\/es\/wp-json\/wp\/v2\/users\/1"}],"replies":[{"embeddable":true,"href":"https:\/\/coasa.org\/es\/wp-json\/wp\/v2\/comments?post=6778"}],"version-history":[{"count":8,"href":"https:\/\/coasa.org\/es\/wp-json\/wp\/v2\/posts\/6778\/revisions"}],"predecessor-version":[{"id":6811,"href":"https:\/\/coasa.org\/es\/wp-json\/wp\/v2\/posts\/6778\/revisions\/6811"}],"wp:featuredmedia":[{"embeddable":true,"href":"https:\/\/coasa.org\/es\/wp-json\/wp\/v2\/media\/6794"}],"wp:attachment":[{"href":"https:\/\/coasa.org\/es\/wp-json\/wp\/v2\/media?parent=6778"}],"wp:term":[{"taxonomy":"category","embeddable":true,"href":"https:\/\/coasa.org\/es\/wp-json\/wp\/v2\/categories?post=6778"},{"taxonomy":"post_tag","embeddable":true,"href":"https:\/\/coasa.org\/es\/wp-json\/wp\/v2\/tags?post=6778"}],"curies":[{"name":"wp","href":"https:\/\/api.w.org\/{rel}","templated":true}]}}