{"id":7506,"date":"2025-06-18T09:02:07","date_gmt":"2025-06-18T07:02:07","guid":{"rendered":"https:\/\/coasa.org\/?p=7506"},"modified":"2025-06-18T09:05:32","modified_gmt":"2025-06-18T07:05:32","slug":"inauguracion-camara-arrocera-deltebre","status":"publish","type":"post","link":"https:\/\/coasa.org\/es\/inauguracion-camara-arrocera-deltebre\/","title":{"rendered":"Inauguraci\u00f3n de la C\u00e1mara Arrocera de Deltebre: un espacio hist\u00f3rico rehabilitado"},"content":{"rendered":"[et_pb_section fb_built=\u00bb1&#8243; admin_label=\u00bbsection\u00bb _builder_version=\u00bb4.23.4&#8243; global_colors_info=\u00bb{}\u00bb theme_builder_area=\u00bbpost_content\u00bb][et_pb_row admin_label=\u00bbrow\u00bb _builder_version=\u00bb4.24.2&#8243; background_size=\u00bbinitial\u00bb background_position=\u00bbtop_left\u00bb background_repeat=\u00bbrepeat\u00bb custom_padding=\u00bb|||0px||\u00bb collapsed=\u00bbon\u00bb global_colors_info=\u00bb{}\u00bb theme_builder_area=\u00bbpost_content\u00bb][et_pb_column type=\u00bb4_4&#8243; _builder_version=\u00bb4.16&#8243; custom_padding=\u00bb|||\u00bb global_colors_info=\u00bb{}\u00bb custom_padding__hover=\u00bb|||\u00bb theme_builder_area=\u00bbpost_content\u00bb][et_pb_text admin_label=\u00bbText\u00bb _builder_version=\u00bb4.27.4&#8243; background_size=\u00bbinitial\u00bb background_position=\u00bbtop_left\u00bb background_repeat=\u00bbrepeat\u00bb hover_enabled=\u00bb0&#8243; global_colors_info=\u00bb{}\u00bb theme_builder_area=\u00bbpost_content\u00bb sticky_enabled=\u00bb0&#8243;]\n<h1><strong>Inauguraci\u00f3n de la C\u00e1mara Arrocera de Deltebre: un espacio hist\u00f3rico rehabilitado<\/strong><\/h1>\n<p><strong><\/strong><\/p>\n<p>El pasado 10 de mayo tuvo lugar la inauguraci\u00f3n de la C\u00e1mara Arrocera de Deltebre, un espacio que renace gracias a un <strong>proyecto de restauraci\u00f3n<\/strong> para transformarla en un espacio para la creaci\u00f3n, el emprendimiento y la memoria colectiva.<\/p>\n<p>En Coasa nos sentimos profundamente orgullosos de haber formado parte de la rehabilitaci\u00f3n de este edificio emblem\u00e1tico, situado en el coraz\u00f3n de la Cava, y que ha sido transformado en un centro de futuro sin renunciar a sus ra\u00edces.<\/p>\n<p>&nbsp;<\/p>\n<h2><strong>Un proyecto de restauraci\u00f3n con prop\u00f3sito<\/strong><\/h2>\n<p>Este proyecto ha tenido como objetivo recuperar el edificio hist\u00f3rico de la antigua Cooperativa Arrocera y adaptarlo a los nuevos usos del municipio. La actuaci\u00f3n permiti\u00f3<strong> conservar el valor patrimonial del espacio<\/strong> y, a la vez, dotarlo de funcionalidad a partir de:<\/p>\n<ul>\n<li>Un <strong>vivero de empresas<\/strong> y espacios para actividades de networking.<\/li>\n<li>Una <strong>\u00e1rea museizada<\/strong> que rinde homenaje al legado agr\u00edcola del Delta y la Cooperativa.<\/li>\n<li><strong>Salas polivalentes<\/strong> para formaci\u00f3n, acontecimientos y actos comunitarios.\n<\/li>\n<\/ul>\n<p>&nbsp;<\/p>\n<h2><strong>Eficiencia, sostenibilidad y respeto arquitect\u00f3nico<\/strong><\/h2>\n<p>Con la restauraci\u00f3n, ya cont\u00e1bamos implementar mejoras para conseguir <strong>altos niveles de eficiencia energ\u00e9tica<\/strong>. Por eso, renovamos los sistemas de climatizaci\u00f3n e iluminaci\u00f3n, adaptar las instalaciones a los nuevos est\u00e1ndares y mejorar los aislamientos t\u00e9rmicos y ac\u00fasticos.<\/p>\n<p>El objetivo era recuperar un espacio identitario y transformarlo en un espacio vivo y vers\u00e1til, abierto en la comunidad e <strong>integrado dentro del entorno urbano y cultural de Deltebre<\/strong>, siempre preservando la esencia y el patrimonio cultural.<\/p>\n<p>&nbsp;<\/p>\n[\/et_pb_text][et_pb_image src=\u00bbhttps:\/\/coasa.org\/wp-content\/uploads\/2025\/06\/zona-coworking-de-la-cooperativa-arrossera.jpg\u00bb alt=\u00bbzona de coworking de la C\u00e1mara Arrocera, funcional y conservando la maquinaria antigua\u00bb title_text=\u00bbzona coworking de la cooperativa arrossera\u00bb _builder_version=\u00bb4.27.4&#8243; _module_preset=\u00bbdefault\u00bb hover_enabled=\u00bb0&#8243; global_colors_info=\u00bb{}\u00bb theme_builder_area=\u00bbpost_content\u00bb sticky_enabled=\u00bb0&#8243;][\/et_pb_image][et_pb_text admin_label=\u00bbText\u00bb _builder_version=\u00bb4.27.4&#8243; background_size=\u00bbinitial\u00bb background_position=\u00bbtop_left\u00bb background_repeat=\u00bbrepeat\u00bb hover_enabled=\u00bb0&#8243; global_colors_info=\u00bb{}\u00bb theme_builder_area=\u00bbpost_content\u00bb sticky_enabled=\u00bb0&#8243;]\n<p>&nbsp;<\/p>\n<p>&nbsp;<\/p>\n<h2><strong>Rehabilitaci\u00f3n de edificios hist\u00f3ricos<\/strong><\/h2>\n<p>En cuanto a proyectos de rehabilitaci\u00f3n arquitect\u00f3nica, en Coasa actuamos con criterios de sostenibilidad, funcionalidad y respeto hist\u00f3rico, para ofrecer<strong> soluciones duraderas y alineadas con las necesidades actuales de cada comunidad<\/strong>. La <a href=\"https:\/\/coasa.org\/es\/project\/restauracion-de-la-camara-arrocera-de-deltebre-un-espacio-renovado-eficiente-y-sostenible\/\" title=\"Proyecto de rehabilitaci\u00f3n de la C\u00e1mara Arrocera de Deltebre\">C\u00e1mara Arrocera de Deltebre<\/a> es un ejemplo claro: un edificio hist\u00f3rico restaurado con cuidado y reconvertido en un espacio activo y vers\u00e1til para el presente y el futuro del municipio.<\/p>\n<p>Te invitamos a leer los <a href=\"https:\/\/coasa.org\/es\/6-pasos-rehabilitacion-edificios-historicos\/\" title=\"6 pasos por una rehabilitaci\u00f3n de espacios hist\u00f3ricos\">6 pasos por una rehabilitaci\u00f3n de espacios hist\u00f3ricos<\/a> sin perder la esencia y preservar el patrimonio.<\/p>\n<p>&nbsp;<\/p>\n[\/et_pb_text][\/et_pb_column][\/et_pb_row][\/et_pb_section]\n","protected":false},"excerpt":{"rendered":"<p>El pasado 10 de mayo de 2025 se inaugur\u00f3 oficialmente la nueva C\u00e1mara Arrocera de Deltebre, un espacio que renace gracias a un proyecto de restauraci\u00f3n para transformarla en un espacio para la creaci\u00f3n, el emprendimiento y la memoria colectiva.<\/p>\n","protected":false},"author":1,"featured_media":7513,"comment_status":"closed","ping_status":"closed","sticky":false,"template":"","format":"standard","meta":{"_et_pb_use_builder":"on","_et_pb_old_content":"","_et_gb_content_width":"","_joinchat":[],"footnotes":""},"categories":[17],"tags":[571,530,267,573,114,437,572,305],"class_list":["post-7506","post","type-post","status-publish","format-standard","has-post-thumbnail","hentry","category-notcias-castellano","tag-camara-arrocera","tag-construccio-es","tag-construccion-reus","tag-deltebre-es","tag-eficiencia-energetica-es","tag-empresa-constructora-tarragona-es","tag-inauguracion","tag-rehabilitacion-es"],"yoast_head":"<!-- This site is optimized with the Yoast SEO plugin v27.5 - https:\/\/yoast.com\/product\/yoast-seo-wordpress\/ -->\n<title>Inauguraci\u00f3n de la C\u00e1mara Arrocera de Deltebre - COASA<\/title>\n<meta name=\"description\" content=\"Con la inauguraci\u00f3n de la C\u00e1mara Arrocera, destacamos el proyecto de rehabilitaci\u00f3n para conservar su esencia y valor patrimonial.\" \/>\n<meta name=\"robots\" content=\"index, follow, max-snippet:-1, max-image-preview:large, max-video-preview:-1\" \/>\n<link rel=\"canonical\" href=\"https:\/\/coasa.org\/es\/inauguracion-camara-arrocera-deltebre\/\" \/>\n<meta property=\"og:locale\" content=\"es_ES\" \/>\n<meta property=\"og:type\" content=\"article\" \/>\n<meta property=\"og:title\" content=\"Inauguraci\u00f3n de la C\u00e1mara Arrocera de Deltebre - COASA\" \/>\n<meta property=\"og:description\" content=\"Con la inauguraci\u00f3n de la C\u00e1mara Arrocera, destacamos el proyecto de rehabilitaci\u00f3n para conservar su esencia y valor patrimonial.\" \/>\n<meta property=\"og:url\" content=\"https:\/\/coasa.org\/es\/inauguracion-camara-arrocera-deltebre\/\" \/>\n<meta property=\"og:site_name\" content=\"COASA, Empresa Constructora\" \/>\n<meta property=\"article:published_time\" content=\"2025-06-18T07:02:07+00:00\" \/>\n<meta property=\"article:modified_time\" content=\"2025-06-18T07:05:32+00:00\" \/>\n<meta property=\"og:image\" content=\"https:\/\/coasa.org\/wp-content\/uploads\/2025\/06\/inauguracio-cambra-arrossera-espai-historic-rehabilitat.jpg\" \/>\n\t<meta property=\"og:image:width\" content=\"1920\" \/>\n\t<meta property=\"og:image:height\" content=\"1280\" \/>\n\t<meta property=\"og:image:type\" content=\"image\/jpeg\" \/>\n<meta name=\"author\" content=\"coasa\" \/>\n<meta name=\"twitter:label1\" content=\"Escrito por\" \/>\n\t<meta name=\"twitter:data1\" content=\"coasa\" \/>\n\t<meta name=\"twitter:label2\" content=\"Tiempo de lectura\" \/>\n\t<meta name=\"twitter:data2\" content=\"3 minutos\" \/>\n<script type=\"application\/ld+json\" class=\"yoast-schema-graph\">{\"@context\":\"https:\\\/\\\/schema.org\",\"@graph\":[{\"@type\":\"Article\",\"@id\":\"https:\\\/\\\/coasa.org\\\/es\\\/inauguracion-camara-arrocera-deltebre\\\/#article\",\"isPartOf\":{\"@id\":\"https:\\\/\\\/coasa.org\\\/es\\\/inauguracion-camara-arrocera-deltebre\\\/\"},\"author\":{\"name\":\"coasa\",\"@id\":\"https:\\\/\\\/coasa.org\\\/es\\\/#\\\/schema\\\/person\\\/9768199d4e1981c07491acf9822f8000\"},\"headline\":\"Inauguraci\u00f3n de la C\u00e1mara Arrocera de Deltebre: un espacio hist\u00f3rico rehabilitado\",\"datePublished\":\"2025-06-18T07:02:07+00:00\",\"dateModified\":\"2025-06-18T07:05:32+00:00\",\"mainEntityOfPage\":{\"@id\":\"https:\\\/\\\/coasa.org\\\/es\\\/inauguracion-camara-arrocera-deltebre\\\/\"},\"wordCount\":587,\"publisher\":{\"@id\":\"https:\\\/\\\/coasa.org\\\/es\\\/#organization\"},\"image\":{\"@id\":\"https:\\\/\\\/coasa.org\\\/es\\\/inauguracion-camara-arrocera-deltebre\\\/#primaryimage\"},\"thumbnailUrl\":\"https:\\\/\\\/coasa.org\\\/wp-content\\\/uploads\\\/2025\\\/06\\\/inauguracio-cambra-arrossera-espai-historic-rehabilitat.jpg\",\"keywords\":[\"C\u00e1mara Arrocera\",\"construcci\u00f3\",\"construcci\u00f3n reus\",\"Deltebre\",\"eficiencia energetica\",\"empresa constructora tarragona\",\"inauguraci\u00f3n\",\"rehabilitaci\u00f3n\"],\"articleSection\":[\"notcias castellano\"],\"inLanguage\":\"es\"},{\"@type\":\"WebPage\",\"@id\":\"https:\\\/\\\/coasa.org\\\/es\\\/inauguracion-camara-arrocera-deltebre\\\/\",\"url\":\"https:\\\/\\\/coasa.org\\\/es\\\/inauguracion-camara-arrocera-deltebre\\\/\",\"name\":\"Inauguraci\u00f3n de la C\u00e1mara Arrocera de Deltebre - COASA\",\"isPartOf\":{\"@id\":\"https:\\\/\\\/coasa.org\\\/es\\\/#website\"},\"primaryImageOfPage\":{\"@id\":\"https:\\\/\\\/coasa.org\\\/es\\\/inauguracion-camara-arrocera-deltebre\\\/#primaryimage\"},\"image\":{\"@id\":\"https:\\\/\\\/coasa.org\\\/es\\\/inauguracion-camara-arrocera-deltebre\\\/#primaryimage\"},\"thumbnailUrl\":\"https:\\\/\\\/coasa.org\\\/wp-content\\\/uploads\\\/2025\\\/06\\\/inauguracio-cambra-arrossera-espai-historic-rehabilitat.jpg\",\"datePublished\":\"2025-06-18T07:02:07+00:00\",\"dateModified\":\"2025-06-18T07:05:32+00:00\",\"description\":\"Con la inauguraci\u00f3n de la C\u00e1mara Arrocera, destacamos el proyecto de rehabilitaci\u00f3n para conservar su esencia y valor patrimonial.\",\"breadcrumb\":{\"@id\":\"https:\\\/\\\/coasa.org\\\/es\\\/inauguracion-camara-arrocera-deltebre\\\/#breadcrumb\"},\"inLanguage\":\"es\",\"potentialAction\":[{\"@type\":\"ReadAction\",\"target\":[\"https:\\\/\\\/coasa.org\\\/es\\\/inauguracion-camara-arrocera-deltebre\\\/\"]}]},{\"@type\":\"ImageObject\",\"inLanguage\":\"es\",\"@id\":\"https:\\\/\\\/coasa.org\\\/es\\\/inauguracion-camara-arrocera-deltebre\\\/#primaryimage\",\"url\":\"https:\\\/\\\/coasa.org\\\/wp-content\\\/uploads\\\/2025\\\/06\\\/inauguracio-cambra-arrossera-espai-historic-rehabilitat.jpg\",\"contentUrl\":\"https:\\\/\\\/coasa.org\\\/wp-content\\\/uploads\\\/2025\\\/06\\\/inauguracio-cambra-arrossera-espai-historic-rehabilitat.jpg\",\"width\":1920,\"height\":1280,\"caption\":\"Interior de la C\u00e1mara Arrocera, totalmente rehabilitada y funcional\"},{\"@type\":\"BreadcrumbList\",\"@id\":\"https:\\\/\\\/coasa.org\\\/es\\\/inauguracion-camara-arrocera-deltebre\\\/#breadcrumb\",\"itemListElement\":[{\"@type\":\"ListItem\",\"position\":1,\"name\":\"Portada\",\"item\":\"https:\\\/\\\/coasa.org\\\/es\\\/\"},{\"@type\":\"ListItem\",\"position\":2,\"name\":\"Inauguraci\u00f3n de la C\u00e1mara Arrocera de Deltebre: un espacio hist\u00f3rico rehabilitado\"}]},{\"@type\":\"WebSite\",\"@id\":\"https:\\\/\\\/coasa.org\\\/es\\\/#website\",\"url\":\"https:\\\/\\\/coasa.org\\\/es\\\/\",\"name\":\"COASA, Empresa Constructora\",\"description\":\"Des del seu naixement COASA s&#039;ha destacat per una constant evoluci\u00f3 que ens permet\u00e9s una \u00e0gil adaptaci\u00f3 a les necessitats canviants del mercat de la construcci\u00f3 industrial.\",\"publisher\":{\"@id\":\"https:\\\/\\\/coasa.org\\\/es\\\/#organization\"},\"potentialAction\":[{\"@type\":\"SearchAction\",\"target\":{\"@type\":\"EntryPoint\",\"urlTemplate\":\"https:\\\/\\\/coasa.org\\\/es\\\/?s={search_term_string}\"},\"query-input\":{\"@type\":\"PropertyValueSpecification\",\"valueRequired\":true,\"valueName\":\"search_term_string\"}}],\"inLanguage\":\"es\"},{\"@type\":\"Organization\",\"@id\":\"https:\\\/\\\/coasa.org\\\/es\\\/#organization\",\"name\":\"Coasa\",\"url\":\"https:\\\/\\\/coasa.org\\\/es\\\/\",\"logo\":{\"@type\":\"ImageObject\",\"inLanguage\":\"es\",\"@id\":\"https:\\\/\\\/coasa.org\\\/es\\\/#\\\/schema\\\/logo\\\/image\\\/\",\"url\":\"https:\\\/\\\/coasa.org\\\/wp-content\\\/uploads\\\/2018\\\/10\\\/logo.png\",\"contentUrl\":\"https:\\\/\\\/coasa.org\\\/wp-content\\\/uploads\\\/2018\\\/10\\\/logo.png\",\"width\":500,\"height\":141,\"caption\":\"Coasa\"},\"image\":{\"@id\":\"https:\\\/\\\/coasa.org\\\/es\\\/#\\\/schema\\\/logo\\\/image\\\/\"},\"sameAs\":[\"https:\\\/\\\/www.linkedin.com\\\/company\\\/coasa\\\/\"]},{\"@type\":\"Person\",\"@id\":\"https:\\\/\\\/coasa.org\\\/es\\\/#\\\/schema\\\/person\\\/9768199d4e1981c07491acf9822f8000\",\"name\":\"coasa\",\"image\":{\"@type\":\"ImageObject\",\"inLanguage\":\"es\",\"@id\":\"https:\\\/\\\/secure.gravatar.com\\\/avatar\\\/549d1466bf5f92109814cb3ea499392d3ea766d6ca25767164de70d79f61a27b?s=96&d=mm&r=g\",\"url\":\"https:\\\/\\\/secure.gravatar.com\\\/avatar\\\/549d1466bf5f92109814cb3ea499392d3ea766d6ca25767164de70d79f61a27b?s=96&d=mm&r=g\",\"contentUrl\":\"https:\\\/\\\/secure.gravatar.com\\\/avatar\\\/549d1466bf5f92109814cb3ea499392d3ea766d6ca25767164de70d79f61a27b?s=96&d=mm&r=g\",\"caption\":\"coasa\"},\"url\":\"https:\\\/\\\/coasa.org\\\/es\\\/author\\\/coasa\\\/\"}]}<\/script>\n<!-- \/ Yoast SEO plugin. -->","yoast_head_json":{"title":"Inauguraci\u00f3n de la C\u00e1mara Arrocera de Deltebre - COASA","description":"Con la inauguraci\u00f3n de la C\u00e1mara Arrocera, destacamos el proyecto de rehabilitaci\u00f3n para conservar su esencia y valor patrimonial.","robots":{"index":"index","follow":"follow","max-snippet":"max-snippet:-1","max-image-preview":"max-image-preview:large","max-video-preview":"max-video-preview:-1"},"canonical":"https:\/\/coasa.org\/es\/inauguracion-camara-arrocera-deltebre\/","og_locale":"es_ES","og_type":"article","og_title":"Inauguraci\u00f3n de la C\u00e1mara Arrocera de Deltebre - COASA","og_description":"Con la inauguraci\u00f3n de la C\u00e1mara Arrocera, destacamos el proyecto de rehabilitaci\u00f3n para conservar su esencia y valor patrimonial.","og_url":"https:\/\/coasa.org\/es\/inauguracion-camara-arrocera-deltebre\/","og_site_name":"COASA, Empresa Constructora","article_published_time":"2025-06-18T07:02:07+00:00","article_modified_time":"2025-06-18T07:05:32+00:00","og_image":[{"width":1920,"height":1280,"url":"https:\/\/coasa.org\/wp-content\/uploads\/2025\/06\/inauguracio-cambra-arrossera-espai-historic-rehabilitat.jpg","type":"image\/jpeg"}],"author":"coasa","twitter_misc":{"Escrito por":"coasa","Tiempo de lectura":"3 minutos"},"schema":{"@context":"https:\/\/schema.org","@graph":[{"@type":"Article","@id":"https:\/\/coasa.org\/es\/inauguracion-camara-arrocera-deltebre\/#article","isPartOf":{"@id":"https:\/\/coasa.org\/es\/inauguracion-camara-arrocera-deltebre\/"},"author":{"name":"coasa","@id":"https:\/\/coasa.org\/es\/#\/schema\/person\/9768199d4e1981c07491acf9822f8000"},"headline":"Inauguraci\u00f3n de la C\u00e1mara Arrocera de Deltebre: un espacio hist\u00f3rico rehabilitado","datePublished":"2025-06-18T07:02:07+00:00","dateModified":"2025-06-18T07:05:32+00:00","mainEntityOfPage":{"@id":"https:\/\/coasa.org\/es\/inauguracion-camara-arrocera-deltebre\/"},"wordCount":587,"publisher":{"@id":"https:\/\/coasa.org\/es\/#organization"},"image":{"@id":"https:\/\/coasa.org\/es\/inauguracion-camara-arrocera-deltebre\/#primaryimage"},"thumbnailUrl":"https:\/\/coasa.org\/wp-content\/uploads\/2025\/06\/inauguracio-cambra-arrossera-espai-historic-rehabilitat.jpg","keywords":["C\u00e1mara Arrocera","construcci\u00f3","construcci\u00f3n reus","Deltebre","eficiencia energetica","empresa constructora tarragona","inauguraci\u00f3n","rehabilitaci\u00f3n"],"articleSection":["notcias castellano"],"inLanguage":"es"},{"@type":"WebPage","@id":"https:\/\/coasa.org\/es\/inauguracion-camara-arrocera-deltebre\/","url":"https:\/\/coasa.org\/es\/inauguracion-camara-arrocera-deltebre\/","name":"Inauguraci\u00f3n de la C\u00e1mara Arrocera de Deltebre - COASA","isPartOf":{"@id":"https:\/\/coasa.org\/es\/#website"},"primaryImageOfPage":{"@id":"https:\/\/coasa.org\/es\/inauguracion-camara-arrocera-deltebre\/#primaryimage"},"image":{"@id":"https:\/\/coasa.org\/es\/inauguracion-camara-arrocera-deltebre\/#primaryimage"},"thumbnailUrl":"https:\/\/coasa.org\/wp-content\/uploads\/2025\/06\/inauguracio-cambra-arrossera-espai-historic-rehabilitat.jpg","datePublished":"2025-06-18T07:02:07+00:00","dateModified":"2025-06-18T07:05:32+00:00","description":"Con la inauguraci\u00f3n de la C\u00e1mara Arrocera, destacamos el proyecto de rehabilitaci\u00f3n para conservar su esencia y valor patrimonial.","breadcrumb":{"@id":"https:\/\/coasa.org\/es\/inauguracion-camara-arrocera-deltebre\/#breadcrumb"},"inLanguage":"es","potentialAction":[{"@type":"ReadAction","target":["https:\/\/coasa.org\/es\/inauguracion-camara-arrocera-deltebre\/"]}]},{"@type":"ImageObject","inLanguage":"es","@id":"https:\/\/coasa.org\/es\/inauguracion-camara-arrocera-deltebre\/#primaryimage","url":"https:\/\/coasa.org\/wp-content\/uploads\/2025\/06\/inauguracio-cambra-arrossera-espai-historic-rehabilitat.jpg","contentUrl":"https:\/\/coasa.org\/wp-content\/uploads\/2025\/06\/inauguracio-cambra-arrossera-espai-historic-rehabilitat.jpg","width":1920,"height":1280,"caption":"Interior de la C\u00e1mara Arrocera, totalmente rehabilitada y funcional"},{"@type":"BreadcrumbList","@id":"https:\/\/coasa.org\/es\/inauguracion-camara-arrocera-deltebre\/#breadcrumb","itemListElement":[{"@type":"ListItem","position":1,"name":"Portada","item":"https:\/\/coasa.org\/es\/"},{"@type":"ListItem","position":2,"name":"Inauguraci\u00f3n de la C\u00e1mara Arrocera de Deltebre: un espacio hist\u00f3rico rehabilitado"}]},{"@type":"WebSite","@id":"https:\/\/coasa.org\/es\/#website","url":"https:\/\/coasa.org\/es\/","name":"COASA, Empresa Constructora","description":"Des del seu naixement COASA s&#039;ha destacat per una constant evoluci\u00f3 que ens permet\u00e9s una \u00e0gil adaptaci\u00f3 a les necessitats canviants del mercat de la construcci\u00f3 industrial.","publisher":{"@id":"https:\/\/coasa.org\/es\/#organization"},"potentialAction":[{"@type":"SearchAction","target":{"@type":"EntryPoint","urlTemplate":"https:\/\/coasa.org\/es\/?s={search_term_string}"},"query-input":{"@type":"PropertyValueSpecification","valueRequired":true,"valueName":"search_term_string"}}],"inLanguage":"es"},{"@type":"Organization","@id":"https:\/\/coasa.org\/es\/#organization","name":"Coasa","url":"https:\/\/coasa.org\/es\/","logo":{"@type":"ImageObject","inLanguage":"es","@id":"https:\/\/coasa.org\/es\/#\/schema\/logo\/image\/","url":"https:\/\/coasa.org\/wp-content\/uploads\/2018\/10\/logo.png","contentUrl":"https:\/\/coasa.org\/wp-content\/uploads\/2018\/10\/logo.png","width":500,"height":141,"caption":"Coasa"},"image":{"@id":"https:\/\/coasa.org\/es\/#\/schema\/logo\/image\/"},"sameAs":["https:\/\/www.linkedin.com\/company\/coasa\/"]},{"@type":"Person","@id":"https:\/\/coasa.org\/es\/#\/schema\/person\/9768199d4e1981c07491acf9822f8000","name":"coasa","image":{"@type":"ImageObject","inLanguage":"es","@id":"https:\/\/secure.gravatar.com\/avatar\/549d1466bf5f92109814cb3ea499392d3ea766d6ca25767164de70d79f61a27b?s=96&d=mm&r=g","url":"https:\/\/secure.gravatar.com\/avatar\/549d1466bf5f92109814cb3ea499392d3ea766d6ca25767164de70d79f61a27b?s=96&d=mm&r=g","contentUrl":"https:\/\/secure.gravatar.com\/avatar\/549d1466bf5f92109814cb3ea499392d3ea766d6ca25767164de70d79f61a27b?s=96&d=mm&r=g","caption":"coasa"},"url":"https:\/\/coasa.org\/es\/author\/coasa\/"}]}},"_links":{"self":[{"href":"https:\/\/coasa.org\/es\/wp-json\/wp\/v2\/posts\/7506","targetHints":{"allow":["GET"]}}],"collection":[{"href":"https:\/\/coasa.org\/es\/wp-json\/wp\/v2\/posts"}],"about":[{"href":"https:\/\/coasa.org\/es\/wp-json\/wp\/v2\/types\/post"}],"author":[{"embeddable":true,"href":"https:\/\/coasa.org\/es\/wp-json\/wp\/v2\/users\/1"}],"replies":[{"embeddable":true,"href":"https:\/\/coasa.org\/es\/wp-json\/wp\/v2\/comments?post=7506"}],"version-history":[{"count":4,"href":"https:\/\/coasa.org\/es\/wp-json\/wp\/v2\/posts\/7506\/revisions"}],"predecessor-version":[{"id":7523,"href":"https:\/\/coasa.org\/es\/wp-json\/wp\/v2\/posts\/7506\/revisions\/7523"}],"wp:featuredmedia":[{"embeddable":true,"href":"https:\/\/coasa.org\/es\/wp-json\/wp\/v2\/media\/7513"}],"wp:attachment":[{"href":"https:\/\/coasa.org\/es\/wp-json\/wp\/v2\/media?parent=7506"}],"wp:term":[{"taxonomy":"category","embeddable":true,"href":"https:\/\/coasa.org\/es\/wp-json\/wp\/v2\/categories?post=7506"},{"taxonomy":"post_tag","embeddable":true,"href":"https:\/\/coasa.org\/es\/wp-json\/wp\/v2\/tags?post=7506"}],"curies":[{"name":"wp","href":"https:\/\/api.w.org\/{rel}","templated":true}]}}